{"id":107106,"date":"2021-08-16T22:11:51","date_gmt":"2021-08-17T03:11:51","guid":{"rendered":"https:\/\/dianamartin.net\/es\/?p=107106"},"modified":"2021-09-17T16:42:28","modified_gmt":"2021-09-17T21:42:28","slug":"jos-y-yo-decidimos-casarnos","status":"publish","type":"post","link":"https:\/\/dianamartin.net\/es\/jos-y-yo-decidimos-casarnos\/","title":{"rendered":"Jos y yo decidimos casarnos"},"content":{"rendered":"\n<p>En abril Jos y yo decidimos casarnos. Creo que corr\u00eda el s\u00e1bado de semana santa cuando, mientras com\u00edamos pizza casera horneada al carb\u00f3n y cada qui\u00e9n miraba las redes&nbsp;sociales en su celular, nos enteramos al mismo tiempo de la boda de una conocida nuestra en Ciudad de M\u00e9xico.&nbsp;-No mameees, Mariana tambi\u00e9n se cas\u00f3.- Qu\u00e9 feliz se ve. Tsss es que tanta pinche muerte, hace que te animes a hacer cosas \u00bfno?<\/p>\n\n\n\n<figure class=\"wp-block-image size-full\"><a href=\"https:\/\/dianamartin.net\/es\/wp-content\/uploads\/sites\/3\/2021\/08\/pizza-al-carbon.jpg\"><img loading=\"lazy\" decoding=\"async\" width=\"600\" height=\"600\" src=\"https:\/\/dianamartin.net\/es\/wp-content\/uploads\/sites\/3\/2021\/08\/pizza-al-carbon.jpg\" alt=\"\" class=\"wp-image-107115\" srcset=\"https:\/\/dianamartin.net\/es\/wp-content\/uploads\/sites\/3\/2021\/08\/pizza-al-carbon.jpg 600w, https:\/\/dianamartin.net\/es\/wp-content\/uploads\/sites\/3\/2021\/08\/pizza-al-carbon-300x300.jpg 300w, https:\/\/dianamartin.net\/es\/wp-content\/uploads\/sites\/3\/2021\/08\/pizza-al-carbon-150x150.jpg 150w\" sizes=\"auto, (max-width: 600px) 100vw, 600px\" \/><\/a><figcaption>Nuestra decepci\u00f3n ante las&nbsp;pizzas comerciales no hab\u00eda dejado de crecer. Por nuestra ubicaci\u00f3n en la ciudad las \u00fanicas que llegan a casa son las Dominos, siempre ya frillonas y aguadas. Ante el tremendo antojo, Jos decidi\u00f3 que nos hici\u00e9ramos de un disco de cer\u00e1mica para hacerlas nosotros, se convirti\u00f3 en una de las grandes compras de la pandemia.<\/figcaption><\/figure>\n\n\n\n<p>Nos miramos a los ojos, luego hicimos cuentas, este a\u00f1o cumpl\u00edamos diez a\u00f1os juntos, y el aniversario justo ca\u00eda en s\u00e1bado, el siete de Agosto. Faltaban poco m\u00e1s de cuatro meses. -\u00bfQu\u00e9 pedo? \u00bfLo hacemos? -pregunt\u00f3 uno de nosotros mientras el otro indagaba tambi\u00e9n con la mirada al tiempo que asent\u00eda. As\u00ed fue que nos propusimos matrimonio.<\/p>\n\n\n\n<p>Empez\u00f3 la cuenta regresiva. Ese mismo d\u00eda hicimos el evento de facebook. Nos llovieron las felicitaciones, a m\u00ed me daba todo mucha risa,&nbsp;pero de la nerviosa, ni yo me cre\u00eda que de verdad fu\u00e9ramos a hacerlo, que fuera a suceder.<\/p>\n\n\n\n<p>De repente, Agosto asomaba en el horizonte como una promesa movediza y nebulosa.&nbsp;Como l\u00ednea de meta. Hab\u00eda que llegar al siete de Agosto, hab\u00eda que llegar bien. Tantos detalles de qu\u00e9 ocuparse. Tantas cosas que no sab\u00edamos de las que hab\u00eda que ocuparse.<\/p>\n\n\n\n<figure class=\"wp-block-image size-full\"><a href=\"https:\/\/dianamartin.net\/es\/wp-content\/uploads\/sites\/3\/2021\/08\/calendario.jpg\"><img loading=\"lazy\" decoding=\"async\" width=\"388\" height=\"679\" src=\"https:\/\/dianamartin.net\/es\/wp-content\/uploads\/sites\/3\/2021\/08\/calendario.jpg\" alt=\"\" class=\"wp-image-107125\" srcset=\"https:\/\/dianamartin.net\/es\/wp-content\/uploads\/sites\/3\/2021\/08\/calendario.jpg 388w, https:\/\/dianamartin.net\/es\/wp-content\/uploads\/sites\/3\/2021\/08\/calendario-171x300.jpg 171w\" sizes=\"auto, (max-width: 388px) 100vw, 388px\" \/><\/a><\/figure>\n\n\n\n<p>De&nbsp;verdad empec\u00e9 a emocionarme mucho, a sonre\u00edr como idiota cuando en medio del trabajo, recordaba que s\u00ed, que nos \u00edbamos a casar. Pensaba que el chiste mam\u00f3n que hac\u00eda de&nbsp;repente, ese de que \u00abah, ya voy a poder coger cuando me case\u00bb o \u00abno puedo opinar de eso porque no me he casado\u00bb ya ten\u00eda fecha de caducidad.<\/p>\n\n\n\n<p>Me las&nbsp;arregl\u00e9 casi siempre para soltar este chascarrillo con mucha seriedad, no faltaba qui\u00e9n me mirara con cara de WTF, incapaz de cre\u00e9rselo, con una sonrisilla de nopinchesmames en&nbsp; los labios para luego cagarse de risa.<\/p>\n\n\n\n<p>Mi amiga Rebeca, sorprendida ante la noticia (y cuya boda espero con hartas ansias) me escribi\u00f3 por el guats: \u00ab\u00bfNo que eso siempre te hab\u00eda&nbsp;valido madres?\u00bb Parec\u00eda que no tanto.&nbsp;Hace m\u00e1s de diez a\u00f1os, mi amiga Lucy, durante los fren\u00e9ticos preparativos para su enlace, me hab\u00eda dicho que una boda mov\u00eda muchos sentimientos. Ella se refer\u00eda, por supuesto, a los dem\u00e1s, a la familia, los amigos, los enemigos -lo cual es ciert\u00edsimo-. Pero nada me prepar\u00f3 para el terremoto emocional que fue para m\u00ed ese d\u00eda.<\/p>\n\n\n\n<p>En Marzo nuestras amigas Ada y Gaby se casaron en una peque\u00f1\u00edsima y deliciosa ceremonia en su casa. Fuimos solamente ocho personas m\u00e1s los animalitos. Ah\u00ed conocimos&nbsp;a la que es conocida en el medio como \u00abla jueza del amor\u00bb una mujer de presencia innegable, con un glamoroso pelazo rizado que adem\u00e1s hablaba como Mar\u00eda F\u00e9lix,&nbsp;con los huevos y &nbsp;el desparpajo que da la experiencia de haber atado y desatado a cientos de parejas, o por lo menos, eso fue lo que me imagin\u00e9.<\/p>\n\n\n\n<p>En mi mente la se\u00f1ora&nbsp;agarr\u00f3 un aire de personaje m\u00edtico, sacerdotal, brujil, cuando declar\u00f3 que por sus facultades convert\u00eda cualquier lugar en un registro civil ante cualquier pareja que reuniera los&nbsp;requisitos que marca la ley. Quisimos que ella nos casara. Con ella nunca funcion\u00f3 la mensajer\u00eda instant\u00e1nea. Como una diva de d\u00e9cadas pasadas, ella s\u00f3lo respond\u00eda a las llamadas.<\/p>\n\n\n\n<p>Cuando me marc\u00f3 para pedirme indicaciones para encontrar mi casa, se las pas\u00e9 a la antigua, recurriendo a la cuenta de sem\u00e1foros y oxxos como puntos de referencia.&nbsp;El d\u00eda de la boda lleg\u00f3 y lo primero que hizo al llegar a nuestra casa fue congratularme por mi habilidad para dar se\u00f1as.<\/p>\n\n\n\n<p>\u00abMira mija agarra papel y l\u00e1piz que te voy a pasar todos los requisitos\u00bb -me dijo el d\u00eda que le llam\u00e9. Pendejamente asum\u00ed que me pasar\u00eda por correo electr\u00f3nico la lista con todo,&nbsp;as\u00ed que cuando empez\u00f3 a recitar, efectivamente tuve que correr por algo donde anotar y para escribir agarr\u00e9 uno de mis l\u00e1pices de dibujo.<\/p>\n\n\n\n<p>Para quienes&nbsp;no se han casado: la verdad es que no se necesitan muchos papeles, &nbsp;muchas cosas son de sentido com\u00fan como la ife, las actas de nacimiento, las ifes de los testigos,&nbsp;los ex\u00e1menes m\u00e9dicos prematrimoniales, etc. La verdad juntas las cosas bastante r\u00e1pido, s\u00f3lo quiero pasarles algunas precisiones -nadie me pregunt\u00f3 pero me vale- para&nbsp;que no den vueltas de m\u00e1s: las actas de nacimiento deben ser recientes e impresas a color (se consiguen en l\u00ednea, se pagan en l\u00ednea, te las mandan en pdf), &nbsp;los ex\u00e1menes de sangre deben ir acompa\u00f1ados de un certificado de buena salud, un papel donde alguna m\u00e9dica o m\u00e9dico haga constar que est\u00e1s al putazo f\u00edsica y mentalmente&nbsp;(esto \u00faltimo, \u00bfqui\u00e9n lo est\u00e1?) para contraer matrimonio. Este documento, -volv\u00ed a asumir, &nbsp;no asuman nada, asumir es la madre de las cagadas, dec\u00eda mi Madre- cre\u00ed que de alguna&nbsp;manera estaba sobreentendido o incluido con los ex\u00e1menes m\u00e9dicos. Pues no. Ada y Gaby precisamente nos recomendaron &nbsp;un laboratorio donde te extienden ambos requisitos, pero no fuimos&nbsp;ah\u00ed porque quise probar un lugarcito de desayunos cerca de Centro Magno y pues la tripa mand\u00f3.<\/p>\n\n\n\n<p>Lo que pas\u00f3 fue que la jueza del amor me llam\u00f3 para decirme que no estaba&nbsp;el certificado m\u00e9dico, esto s\u00f3lo a tres d\u00edas de la boda. Aqu\u00ed es cuando tener amigos doctores que te aprecien prueba ser invaluable. Much\u00edsimas gracias a Juan Pablo&nbsp;por ser nuestro padrino de emergencias.<\/p>\n\n\n\n<p>El curso prematrimonial del DIF es otra de las tareas a tachar, la ventaja es que se paga en l\u00ednea y por la pandemia no es necesario hacerlo&nbsp;presencial, consiste en mirar un video de Youtube donde un cuatito con cara de pasmo te explica qu\u00e9 onda con los reg\u00edmenes bajo los cuales puedes casarte y en qu\u00e9 consisten.<br>Hasta aqu\u00ed lo \u00fatil del video, que dura como cinco minutos, la otra media hora son consejos como sacados de una telenovela, puras ideas clich\u00e9s de manual de catecismo sobre la&nbsp;confianza, la fidelidad, la comunicaci\u00f3n, la crisis de valores y as\u00ed. Pueden tom\u00e1rselo con humor como hicimos nosotros y se pasa r\u00e1pido. Luego avisas por correo que ya lo viste y te&nbsp;mandan &nbsp;unas preguntas a modo de examen, las respondes y listo, tienes tu certificado. Recuerdo que vimos el video en la noche, echados en la cama, enpijamados y cag\u00e1ndonos de&nbsp;risa de las ocurrencias del don. Y es que est\u00e1 claramente, -seg\u00fan nuestra apreciaci\u00f3n- hecho para parejas s\u00faper j\u00f3venes que seguramente nunca han cohabitado. No para una&nbsp;incipiente cuarentona (COF COF treintaynueve) y un treintayseisa\u00f1ero que llevan diez a\u00f1os de camino en com\u00fan y que ya han vivido algunas cosas juntos.<\/p>\n\n\n\n<p>Ahora, los anillos. Te-ma-zo. Lo que los dos quer\u00edamos era algo que al verlo nos recordara nuestro amor, nuestro compromiso, todo aquello que hemos pasado y construido, algo que al tocarlo en medio de momentos complicados nos diera fuerza, que al mirar en momentos de p\u00e9rdida y ausencia nos reconfortara. El memento definitivo.<\/p>\n\n\n\n<p>En cuanto decidimos casarnos, empec\u00e9 a investigar joyer\u00edas en instagram. Mi primer y segundo mecenas son ambos joyeros, as\u00ed que por a\u00f1os vi desfilar frente a m\u00ed toda suerte de&nbsp;piezas nupciales de metales y piedras preciosas. Incluso tengo conocimientos, -con todo y diploma de la GIA- acerca de los diamantes y hasta una lupa de joyero (maravilla de&nbsp;artefacto que sobretodo empleo para espiar la intimidad de la anatom\u00eda de los insectos, las nervaduras de las hojas de las plantas y toda clase de objetos que atrapan mi&nbsp;curiosidad) as\u00ed que sab\u00eda exactamente qu\u00e9 clase de anillos no quer\u00eda.<\/p>\n\n\n\n<p>El tradicional, ritual culmen del amor rom\u00e1ntico: la entrega del anillo de compromiso por parte del hombre a&nbsp;la mujer no era algo que resonara con la clase de relaci\u00f3n que llevamos, donde nos hemos apoyado al otro a lo largo de los a\u00f1os, parejo, hombro con hombro, como un subibaja, -y&nbsp;no me lo tomen a mal, me he conmovido hasta chillar en las entregas de anillos a mis amigas, encuentro muy hermoso el gesto, solamente que ese gesto no somos nosotros- no era&nbsp;algo que fuera a suceder.<\/p>\n\n\n\n<p>Confieso que s\u00ed me enamor\u00e9 brevemente de un anillo de compromiso de turbulenta belleza hecho con un diamante sal y pimienta (las inclusiones de&nbsp;carb\u00f3n son muy visibles como manchitas negras) de una joyer\u00eda del norte del pa\u00eds, pero no me prend\u00e9 de su significado sino de su forma fascinante y me sorprendi\u00f3 grat\u00edsimamente&nbsp;que la industria ya est\u00e9 usando los diamantes mal llamados \u00abdefectuosos\u00bb para precisamente explotar el s\u00edmbolo de la permanente imperfecci\u00f3n humana.<\/p>\n\n\n\n<p>Finalmente elegimos a&nbsp;una chica cuyo taller nos quedaba muy cerca, su trabajo contaba con una impresionante lista de piezas hechas por encargo, no en serie. Nos decantamos por unas argollas sencillas&nbsp;en plata, lisa para Jos y con peque\u00f1\u00edsimos diamantes para m\u00ed. No olvidar\u00e9 el d\u00eda que nos las entregaron en la glorieta de Las Fuentes, los diminutos diamantes refulgiendo con su&nbsp;serena belleza bajo esa soleada ma\u00f1ana de Mayo, recuerdo que desayun\u00e9 unos hot cakes con tocino que me supieron a gloria. Tampoco se me escapar\u00e1 el mediod\u00eda en el que pas\u00e9&nbsp;a recoger el body titilante en el que me cas\u00e9, el d\u00eda en el que me di cuenta de que necesitar\u00eda una buena fashion tape para evitar que se me saliera una chichi enfrente de nuestros&nbsp;padres en medio del streaming. Tampoco olvidar\u00e9 cuando Jos eligi\u00f3 su traje, se subi\u00f3 a la alta plataforma redonda desde donde se mir\u00f3 en los espejos de 180 grados y le midieron&nbsp;el largo de las mangas, de los pantalones, mientras yo no pod\u00eda parar de sonre\u00edr como idiota por debajo de mi tapabocas. Ni siquiera se me ocurri\u00f3 sacar el celular para tomar&nbsp;fotos. Todas esas im\u00e1genes vivir\u00e1n solamente en mi cabeza.<\/p>\n\n\n\n<p>Hubo un mi\u00e9rcoles en el que temprano pasaron por las perritas para cortarles el pelo, nos las regresaron hasta las siete&nbsp;de la noche. Recuerdo que las extra\u00f1amos un chingo. Cuando Tota lleg\u00f3 con su copete mal cortado, con un mech\u00f3n parado como antena en medio de su cabecita, nos pareci\u00f3&nbsp;encantadora, como todo lo que tiene que ver con ellas. Hubo un s\u00e1bado nublado en el que mis amigas y yo, cagadas de risa, peinamos todo Fantas\u00edas Miguel buscando las letrotas y&nbsp;<br>dem\u00e1s decoraciones para el jard\u00edn, pasamos por tortas ahogadas al final y desayunamos delicioso en casa. Fuimos a comprar pasto para nuestro jard\u00edn, -por a\u00f1os fue tremendo&nbsp;terregal- tambi\u00e9n encargamos unas huellas de piedra con las que hicimos un caminito. Coincidi\u00f3 con la llegada de las lluvias as\u00ed que el c\u00e9sped no s\u00f3lo agarr\u00f3 sino que prendi\u00f3&nbsp;<br>precioso.<\/p>\n\n\n\n<p>Una semana y media antes de la boda, el jardinero lo pod\u00f3. Le dimos forma al T\u00fanel del Amor, un mame que se me ocurri\u00f3 al principio hacer con cart\u00f3n, pero luego ca\u00ed en&nbsp;cuenta de que el olivo negro y el algarrobo, abrazados ya desde hace un par de a\u00f1os, lo formaban de manera natural. As\u00ed que solo hubo que podar algunas ramas con cuidado y&nbsp;qued\u00f3 listo el breve pasadizo verde.<\/p>\n\n\n\n<p>Tambi\u00e9n recordar\u00e9 ese domingo por la tarde noche cuando encendimos los foquitos redondos que pedimos para el jard\u00edn (la primera serie&nbsp;nos la mand\u00f3 una amiga) Jos la fue colgando de las ramas de nuestros \u00e1rboles. El resultado fue una atm\u00f3sfera de ensue\u00f1o, privada, centelleante de calidez. Como la intimidad entre&nbsp;cuatro paredes que Jos y yo hemos afianzado, como nuestro d\u00eda a d\u00eda, como nuestra dulce rutina, refugio del mundo.<\/p>\n\n\n\n<p>Ada y Gaby vinieron un s\u00e1bado a ayudarme a pintar las letrotas y a comer pizza al carb\u00f3n. Siendo totalmente sincera, pod\u00eda pintarlas perfectamente yo sola, pero esa D y esa J y esa&nbsp;<br>cosa llamada Ampersand (\u00ab\u00bfSe le dice esf\u00ednter a esa madre?\u00bb le pregunto a Jos mientras escribo esto) me dieron el pretexto perfecto para atraer a mis amigas a casa y pasar una&nbsp;tarde de chisma y comida deliciosa dos semanas antes de la boda.&nbsp;<\/p>\n\n\n\n<figure class=\"wp-block-image size-full\"><a href=\"https:\/\/dianamartin.net\/es\/wp-content\/uploads\/sites\/3\/2021\/08\/letrotas.jpg\"><img loading=\"lazy\" decoding=\"async\" width=\"388\" height=\"684\" src=\"https:\/\/dianamartin.net\/es\/wp-content\/uploads\/sites\/3\/2021\/08\/letrotas.jpg\" alt=\"\" class=\"wp-image-107124\" srcset=\"https:\/\/dianamartin.net\/es\/wp-content\/uploads\/sites\/3\/2021\/08\/letrotas.jpg 388w, https:\/\/dianamartin.net\/es\/wp-content\/uploads\/sites\/3\/2021\/08\/letrotas-170x300.jpg 170w\" sizes=\"auto, (max-width: 388px) 100vw, 388px\" \/><\/a><\/figure>\n\n\n\n<p>Atesoro las notitas que ven\u00edan con cada regalo, no esper\u00e1bamos que la gente nos enviara tantas cosas, a final de cuentas, pens\u00e9, vivimos juntos desde hace mucho y ya tenemos&nbsp;todo lo necesario. Pero los amigos y familia nos inundaron de presentes. Todo comenz\u00f3 con una sandwichera que recibimos llenos de emoci\u00f3n, a esta le siguieron muchos m\u00e1s,&nbsp;agasaj\u00e1ndonos todas las semanas. Cada vez que recib\u00edamos algo, agradec\u00edamos en el evento de facebook con alguna foto o video.<\/p>\n\n\n\n<p>Mi amiga Michelle Freyria, extraordinaria fot\u00f3grafa, nos hizo nuestra sesi\u00f3n de novios un d\u00eda antes de la boda. <\/p>\n\n\n\n<figure class=\"wp-block-image size-full\"><a href=\"https:\/\/dianamartin.net\/es\/wp-content\/uploads\/sites\/3\/2021\/08\/diana-y-jos.jpg\"><img loading=\"lazy\" decoding=\"async\" width=\"600\" height=\"600\" src=\"https:\/\/dianamartin.net\/es\/wp-content\/uploads\/sites\/3\/2021\/08\/diana-y-jos.jpg\" alt=\"\" class=\"wp-image-107118\" srcset=\"https:\/\/dianamartin.net\/es\/wp-content\/uploads\/sites\/3\/2021\/08\/diana-y-jos.jpg 600w, https:\/\/dianamartin.net\/es\/wp-content\/uploads\/sites\/3\/2021\/08\/diana-y-jos-300x300.jpg 300w, https:\/\/dianamartin.net\/es\/wp-content\/uploads\/sites\/3\/2021\/08\/diana-y-jos-150x150.jpg 150w\" sizes=\"auto, (max-width: 600px) 100vw, 600px\" \/><\/a><figcaption>Sin dudarlo te volver\u00eda a elegir una y otra vez, gracias por elegirme a m\u00ed. Hoy nos casamos. Feliz d\u00e9cimo aniversario mi amor.<\/figcaption><\/figure>\n\n\n\n<p>Tengo que apuntar que tuvimos el privilegio de ser retratados por su&nbsp;gigante talento porque ella nos lo obsequi\u00f3 cuando anunciamos que nos casar\u00edamos. En el patiecito alargado del Momotabi Mochi Market no s\u00f3lo logr\u00f3 capturar nuestra delirante&nbsp;espectativa, lo radiantes que est\u00e1bamos, (una visita de cuatro horas a la est\u00e9tica el d\u00eda anterior nos dej\u00f3 bien chaineados) sino que nos anim\u00f3 a mirarnos fijamente a los ojos, y creo&nbsp;que Jos y yo pudimos sentir, ver en los ojos del otro esa energ\u00eda chisporroteante de felicidad. Esa incandescencia fluyendo de uno al otro. Tambi\u00e9n bebimos t\u00e9s, Jos uno negro frutal&nbsp;y yo uno tailand\u00e9s, comimos mochis rellenos de nieve, platicamos delicioso, sin correcci\u00f3n, como en los viejos tiempos en que Mich y yo fuimos roomies.<\/p>\n\n\n\n<p>Esa misma tarde prepar\u00e9 el pozole rojo que servir\u00edamos al d\u00eda siguiente, pasaron muchas cosas: ayudamos a un colibr\u00ed exhausto que se meti\u00f3 a la casa, no encontr\u00f3 c\u00f3mo salir y&nbsp;yac\u00eda inm\u00f3vil en el suelo. Le estuve dando ag\u00fcita y jarabe mientras herv\u00eda el ma\u00edz, mientras hidrataba los chiles para la salsa, no supe en qu\u00e9 momento vol\u00f3.<\/p>\n\n\n\n<figure class=\"wp-block-image size-full\"><a href=\"https:\/\/dianamartin.net\/es\/wp-content\/uploads\/sites\/3\/2021\/08\/el-pollo.jpg\"><img loading=\"lazy\" decoding=\"async\" width=\"388\" height=\"681\" src=\"https:\/\/dianamartin.net\/es\/wp-content\/uploads\/sites\/3\/2021\/08\/el-pollo.jpg\" alt=\"\" class=\"wp-image-107122\" srcset=\"https:\/\/dianamartin.net\/es\/wp-content\/uploads\/sites\/3\/2021\/08\/el-pollo.jpg 388w, https:\/\/dianamartin.net\/es\/wp-content\/uploads\/sites\/3\/2021\/08\/el-pollo-171x300.jpg 171w\" sizes=\"auto, (max-width: 388px) 100vw, 388px\" \/><\/a><\/figure>\n\n\n\n<p>Cuando herv\u00eda fuerte el&nbsp;caldo ya rojo, llegaron una docena de rosas encarnadas de parte de Hiroyuki y Yukari, la encantadora pareja due\u00f1a del Airbnb en el que nos hospedamos en Sapporo, fue muy&nbsp;conmovedor e inesperado.<\/p>\n\n\n\n<p>Queremos volver a Jap\u00f3n, chingados. Nuestra Luna de Miel no puede ser en otro lugar. Jos se puso a limpiar la casa. Se nos hizo tarde.&nbsp;<\/p>\n\n\n\n<p>Al d\u00eda siguiente, a unas horas de la firma, nos levantamos temprano para terminar el quehacer. Barr\u00ed descalza toda la casa. Nadie sabe pero bajo mis medias y calcetas, me cas\u00e9 con&nbsp;las plantas de los pies todas puercas. Ya no me dio tiempo de lavarme las patas.<\/p>\n\n\n\n<p>Ada y Gaby llegaron y terminaron de decorar el t\u00fanel del amor, fui por los arreglos florales con mi&nbsp;vecina, vestimos de gala a las perritas con el smoking y el vestidito que les regalaron.<\/p>\n\n\n\n<figure class=\"wp-block-image size-full\"><a href=\"https:\/\/dianamartin.net\/es\/wp-content\/uploads\/sites\/3\/2021\/08\/el-perro.jpg\"><img loading=\"lazy\" decoding=\"async\" width=\"389\" height=\"681\" src=\"https:\/\/dianamartin.net\/es\/wp-content\/uploads\/sites\/3\/2021\/08\/el-perro.jpg\" alt=\"\" class=\"wp-image-107121\" srcset=\"https:\/\/dianamartin.net\/es\/wp-content\/uploads\/sites\/3\/2021\/08\/el-perro.jpg 389w, https:\/\/dianamartin.net\/es\/wp-content\/uploads\/sites\/3\/2021\/08\/el-perro-171x300.jpg 171w\" sizes=\"auto, (max-width: 389px) 100vw, 389px\" \/><\/a><figcaption>\u00abEl perro\u00bb como le decimos a las chiquitas de cari\u00f1o sin importar su g\u00e9nero, estaba listo para su misi\u00f3n. \u00abEl perro\u00bb: gran concepto.<\/figcaption><\/figure>\n\n\n\n<p>Los acontecimientos se precipitaban. Abrimos la primer botella de vino. Hicimos un breve&nbsp;streaming, ah\u00ed estaba nuestra amiga Kumi, mir\u00e1ndonos desde Kyoto, donde eran las 4:30 am.<\/p>\n\n\n\n<p>Lleg\u00f3 mi suegra, lleg\u00f3 mi Pap\u00e1. Lleg\u00f3 la jueza media hora antes. Nuestra intenci\u00f3n era casarnos en la mesa del jard\u00edn pero ten\u00edamos plan B en el comedor en caso de que no se&nbsp;nublara, este fue el caso.<\/p>\n\n\n\n<p>El sol estaba muy fuerte as\u00ed que todo tuvo lugar en la cocina, nuestra cocina que es un lugar tan importante, nos casamos en una mesa donde \u00faltimamente&nbsp;dibujo, donde he dado clases, donde hemos comido infinidad de veces, donde he chillado, discutido, planeado expos, viajes. Donde me he echado getitas inclinando mi cabeza sobre&nbsp;ella, una mesa que me ha acompa\u00f1ado a todos los lugares donde he vivido desde que me independic\u00e9 de la casa materna.<\/p>\n\n\n\n<p>N\u00f3tese que tengo pedos con el apego, pero en esto estoy&nbsp;de acuerdo con la jueza en lo que nos dijo cuando nos cas\u00f3: yo no quiero soltar, quiero sostener, quiero cuidar, hacer crecer. Cuando supe de la frase esa de Marie Kondo, que si&nbsp;algo no te inspira gozo pues te deshagas de ello, no pude sino suspirar porque la mayor parte de las cosas que poseo s\u00ed, s\u00ed me inspiran gozo. O nostalgia. Ya vali\u00f3.<\/p>\n\n\n\n<p>Durante todo el d\u00eda de la boda tuve muy presente a los que ya no est\u00e1n, sobre todo a mi Mam\u00e1, quien siempre quiso mucho a Jos.<\/p>\n\n\n\n<figure class=\"wp-block-image size-full\"><a href=\"https:\/\/dianamartin.net\/es\/wp-content\/uploads\/sites\/3\/2021\/08\/el-tune-del-amor.jpg\"><img loading=\"lazy\" decoding=\"async\" width=\"388\" height=\"681\" src=\"https:\/\/dianamartin.net\/es\/wp-content\/uploads\/sites\/3\/2021\/08\/el-tune-del-amor.jpg\" alt=\"\" class=\"wp-image-107120\" srcset=\"https:\/\/dianamartin.net\/es\/wp-content\/uploads\/sites\/3\/2021\/08\/el-tune-del-amor.jpg 388w, https:\/\/dianamartin.net\/es\/wp-content\/uploads\/sites\/3\/2021\/08\/el-tune-del-amor-171x300.jpg 171w\" sizes=\"auto, (max-width: 388px) 100vw, 388px\" \/><\/a><\/figure>\n\n\n\n<p>Andaba yo por ah\u00ed, paseando bajo el t\u00fanel del&nbsp;amor con mis pies negros embutidos dentro de unos zapatos que eran de ella, con una copa en la mano, posando para las fotos, unt\u00e1ndome en la pared para un mejor encuadre&nbsp;con las letrotas, luego comimos pozole, no supe c\u00f3mo pas\u00f3 pero el aguacate vol\u00f3, tambi\u00e9n las tostadas. Pusimos nuestra playlist, y cuando empezaron los acordes de \u00abDance me&nbsp;until the end of love\u00bb de Leonard Cohen, Jos y yo bailamos un vals improvisado -nunca pensamos en el vals, solamente se dio- en la cocina. Este momento tambi\u00e9n s\u00f3lo seguir\u00eda vivo&nbsp;en nuestra memoria si no es porque Gaby nos vio y nos grab\u00f3.<\/p>\n\n\n\n<p>Luego partimos el pastel, una preciosa delicia de naked cake de chocolate y crema de caf\u00e9.<\/p>\n\n\n\n<figure class=\"wp-block-image size-full\"><a href=\"https:\/\/dianamartin.net\/es\/wp-content\/uploads\/sites\/3\/2021\/08\/pastel-de-boda.jpg\"><img loading=\"lazy\" decoding=\"async\" width=\"388\" height=\"679\" src=\"https:\/\/dianamartin.net\/es\/wp-content\/uploads\/sites\/3\/2021\/08\/pastel-de-boda.jpg\" alt=\"\" class=\"wp-image-107119\" srcset=\"https:\/\/dianamartin.net\/es\/wp-content\/uploads\/sites\/3\/2021\/08\/pastel-de-boda.jpg 388w, https:\/\/dianamartin.net\/es\/wp-content\/uploads\/sites\/3\/2021\/08\/pastel-de-boda-171x300.jpg 171w\" sizes=\"auto, (max-width: 388px) 100vw, 388px\" \/><\/a><\/figure>\n\n\n\n<p>Mi suegra se fue, mi pap\u00e1&nbsp;tambi\u00e9n, despu\u00e9s Ada y Gaby. Nos quedamos Jos y yo. Y todo deb\u00eda ser felicidad, pero no lo era. En este punto ya estaba bastante borracha, seg\u00fan yo hab\u00eda contrarrestado el alcohol&nbsp;bebi\u00e9ndome un electrolit pero no funcion\u00f3.<\/p>\n\n\n\n<p>No pod\u00eda dejar de pensar en todos los que ya no est\u00e1n, los que no nos pudieron acompa\u00f1ar, las p\u00e9rdidas de los amigos y amigas&nbsp;durante los \u00faltimos dieciocho meses, mis abuelas, mi Mam\u00e1.<\/p>\n\n\n\n<p>Qu\u00e9 hubiera pensado mi Mam\u00e1, qu\u00e9 hubiera sentido, qu\u00e9 me hubiera dicho. Record\u00e9 a mi abuela paterna, su&nbsp;advertencia hacia m\u00ed cuando era ni\u00f1a: \u00abmija nunca te cases\u00bb, \u00abAh, pues ya lo hice abuelita, pero me va bien, nos va bien\u00bb. Los extra\u00f1aba a todos y todas, hasta a aquellos que nunca&nbsp;conoc\u00ed.<\/p>\n\n\n\n<p>Me ech\u00e9 a llorar en la mesa del jard\u00edn, bajo las luces c\u00e1lidas que hab\u00edamos ensayado la semana pasada.<\/p>\n\n\n\n<figure class=\"wp-block-image size-full\"><a href=\"https:\/\/dianamartin.net\/es\/wp-content\/uploads\/sites\/3\/2021\/08\/lover.jpg\"><img loading=\"lazy\" decoding=\"async\" width=\"388\" height=\"677\" src=\"https:\/\/dianamartin.net\/es\/wp-content\/uploads\/sites\/3\/2021\/08\/lover.jpg\" alt=\"\" class=\"wp-image-107123\" srcset=\"https:\/\/dianamartin.net\/es\/wp-content\/uploads\/sites\/3\/2021\/08\/lover.jpg 388w, https:\/\/dianamartin.net\/es\/wp-content\/uploads\/sites\/3\/2021\/08\/lover-172x300.jpg 172w\" sizes=\"auto, (max-width: 388px) 100vw, 388px\" \/><\/a><\/figure>\n\n\n\n<p>Despu\u00e9s de un rato y conforme baj\u00f3 la luz, Jos me convenci\u00f3 de subir.  Como pude apart\u00e9 los&nbsp;cojines para meterme a la cama.<\/p>\n\n\n\n<p>-\u00abAmor, mira c\u00f3mo dejaste al perro\u00bb- me dijo Jos.Volte\u00e9 a ver a Tota, sus patitas apenas se asomaban bajo el alud de almohadas, en mi vergonzoso estado la hab\u00eda enterrado sin piedad. Me dio much\u00edsima risa, hecha un l\u00edo de\u00a0l\u00e1grimas y mocos me ca\u00ed de la cama, d\u00ed el costalazo en la alfombra. Afortunadamente, mi estado et\u00edlico me ten\u00eda muy flojita as\u00ed que ni sent\u00ed el madrazo. El golpe s\u00f3lo logr\u00f3 que me\u00a0carcajeara m\u00e1s. Como en otras ocasiones, mi esposo me ayud\u00f3 a levantarme&#8230; Mi ahora esposo.<\/p>\n\n\n\n<p>Escribo esto para no olvidar nunca.<\/p>\n\n\n\n<p>Diana.<\/p>\n\n\n\n<figure class=\"wp-block-image size-full\"><a href=\"https:\/\/dianamartin.net\/es\/wp-content\/uploads\/sites\/3\/2021\/08\/diana-y-su-ramo.jpg\"><img loading=\"lazy\" decoding=\"async\" width=\"600\" height=\"600\" src=\"https:\/\/dianamartin.net\/es\/wp-content\/uploads\/sites\/3\/2021\/08\/diana-y-su-ramo.jpg\" alt=\"\" class=\"wp-image-107117\" srcset=\"https:\/\/dianamartin.net\/es\/wp-content\/uploads\/sites\/3\/2021\/08\/diana-y-su-ramo.jpg 600w, https:\/\/dianamartin.net\/es\/wp-content\/uploads\/sites\/3\/2021\/08\/diana-y-su-ramo-300x300.jpg 300w, https:\/\/dianamartin.net\/es\/wp-content\/uploads\/sites\/3\/2021\/08\/diana-y-su-ramo-150x150.jpg 150w\" sizes=\"auto, (max-width: 600px) 100vw, 600px\" \/><\/a><\/figure>\n","protected":false},"excerpt":{"rendered":"<p>En abril Jos y yo decidimos casarnos. Escribo esto para no olvidar nunca.<\/p>\n","protected":false},"author":3,"featured_media":107110,"comment_status":"closed","ping_status":"closed","sticky":false,"template":"","format":"standard","meta":{"inline_featured_image":false,"footnotes":""},"categories":[7],"tags":[],"class_list":["post-107106","post","type-post","status-publish","format-standard","has-post-thumbnail","hentry","category-blog"],"yoast_head":"<!-- This site is optimized with the Yoast SEO plugin v27.5 - https:\/\/yoast.com\/product\/yoast-seo-wordpress\/ -->\n<title>Jos y yo decidimos casarnos - Diana Mart\u00edn<\/title>\n<meta name=\"robots\" content=\"index, follow, max-snippet:-1, max-image-preview:large, max-video-preview:-1\" \/>\n<link rel=\"canonical\" href=\"https:\/\/dianamartin.net\/es\/jos-y-yo-decidimos-casarnos\/\" \/>\n<meta property=\"og:locale\" content=\"es_ES\" \/>\n<meta property=\"og:type\" content=\"article\" \/>\n<meta property=\"og:title\" content=\"Jos y yo decidimos casarnos - Diana Mart\u00edn\" \/>\n<meta property=\"og:description\" content=\"En abril Jos y yo decidimos casarnos. Escribo esto para no olvidar nunca.\" \/>\n<meta property=\"og:url\" content=\"https:\/\/dianamartin.net\/es\/jos-y-yo-decidimos-casarnos\/\" \/>\n<meta property=\"og:site_name\" content=\"Diana Mart\u00edn\" \/>\n<meta property=\"article:published_time\" content=\"2021-08-17T03:11:51+00:00\" \/>\n<meta property=\"article:modified_time\" content=\"2021-09-17T21:42:28+00:00\" \/>\n<meta property=\"og:image\" content=\"https:\/\/dianamartin.net\/es\/wp-content\/uploads\/sites\/3\/2021\/08\/boda-panjos.jpg\" \/>\n\t<meta property=\"og:image:width\" content=\"1200\" \/>\n\t<meta property=\"og:image:height\" content=\"630\" \/>\n\t<meta property=\"og:image:type\" content=\"image\/jpeg\" \/>\n<meta name=\"author\" content=\"Diana\" \/>\n<meta name=\"twitter:card\" content=\"summary_large_image\" \/>\n<meta name=\"twitter:label1\" content=\"Escrito por\" \/>\n\t<meta name=\"twitter:data1\" content=\"Diana\" \/>\n\t<meta name=\"twitter:label2\" content=\"Tiempo de lectura\" \/>\n\t<meta name=\"twitter:data2\" content=\"16 minutos\" \/>\n<script type=\"application\/ld+json\" class=\"yoast-schema-graph\">{\"@context\":\"https:\\\/\\\/schema.org\",\"@graph\":[{\"@type\":\"Article\",\"@id\":\"https:\\\/\\\/dianamartin.net\\\/es\\\/jos-y-yo-decidimos-casarnos\\\/#article\",\"isPartOf\":{\"@id\":\"https:\\\/\\\/dianamartin.net\\\/es\\\/jos-y-yo-decidimos-casarnos\\\/\"},\"author\":{\"name\":\"Diana\",\"@id\":\"https:\\\/\\\/dianamartin.net\\\/es\\\/#\\\/schema\\\/person\\\/6d2cd928f58b32f3a18e38bcce9501d2\"},\"headline\":\"Jos y yo decidimos casarnos\",\"datePublished\":\"2021-08-17T03:11:51+00:00\",\"dateModified\":\"2021-09-17T21:42:28+00:00\",\"mainEntityOfPage\":{\"@id\":\"https:\\\/\\\/dianamartin.net\\\/es\\\/jos-y-yo-decidimos-casarnos\\\/\"},\"wordCount\":3491,\"publisher\":{\"@id\":\"https:\\\/\\\/dianamartin.net\\\/es\\\/#organization\"},\"image\":{\"@id\":\"https:\\\/\\\/dianamartin.net\\\/es\\\/jos-y-yo-decidimos-casarnos\\\/#primaryimage\"},\"thumbnailUrl\":\"https:\\\/\\\/dianamartin.net\\\/es\\\/wp-content\\\/uploads\\\/sites\\\/3\\\/2021\\\/08\\\/boda-panjos.jpg\",\"articleSection\":[\"Blog\"],\"inLanguage\":\"es\"},{\"@type\":\"WebPage\",\"@id\":\"https:\\\/\\\/dianamartin.net\\\/es\\\/jos-y-yo-decidimos-casarnos\\\/\",\"url\":\"https:\\\/\\\/dianamartin.net\\\/es\\\/jos-y-yo-decidimos-casarnos\\\/\",\"name\":\"Jos y yo decidimos casarnos - Diana Mart\u00edn\",\"isPartOf\":{\"@id\":\"https:\\\/\\\/dianamartin.net\\\/es\\\/#website\"},\"primaryImageOfPage\":{\"@id\":\"https:\\\/\\\/dianamartin.net\\\/es\\\/jos-y-yo-decidimos-casarnos\\\/#primaryimage\"},\"image\":{\"@id\":\"https:\\\/\\\/dianamartin.net\\\/es\\\/jos-y-yo-decidimos-casarnos\\\/#primaryimage\"},\"thumbnailUrl\":\"https:\\\/\\\/dianamartin.net\\\/es\\\/wp-content\\\/uploads\\\/sites\\\/3\\\/2021\\\/08\\\/boda-panjos.jpg\",\"datePublished\":\"2021-08-17T03:11:51+00:00\",\"dateModified\":\"2021-09-17T21:42:28+00:00\",\"breadcrumb\":{\"@id\":\"https:\\\/\\\/dianamartin.net\\\/es\\\/jos-y-yo-decidimos-casarnos\\\/#breadcrumb\"},\"inLanguage\":\"es\",\"potentialAction\":[{\"@type\":\"ReadAction\",\"target\":[\"https:\\\/\\\/dianamartin.net\\\/es\\\/jos-y-yo-decidimos-casarnos\\\/\"]}]},{\"@type\":\"ImageObject\",\"inLanguage\":\"es\",\"@id\":\"https:\\\/\\\/dianamartin.net\\\/es\\\/jos-y-yo-decidimos-casarnos\\\/#primaryimage\",\"url\":\"https:\\\/\\\/dianamartin.net\\\/es\\\/wp-content\\\/uploads\\\/sites\\\/3\\\/2021\\\/08\\\/boda-panjos.jpg\",\"contentUrl\":\"https:\\\/\\\/dianamartin.net\\\/es\\\/wp-content\\\/uploads\\\/sites\\\/3\\\/2021\\\/08\\\/boda-panjos.jpg\",\"width\":1200,\"height\":630},{\"@type\":\"BreadcrumbList\",\"@id\":\"https:\\\/\\\/dianamartin.net\\\/es\\\/jos-y-yo-decidimos-casarnos\\\/#breadcrumb\",\"itemListElement\":[{\"@type\":\"ListItem\",\"position\":1,\"name\":\"Home\",\"item\":\"https:\\\/\\\/dianamartin.net\\\/es\\\/\"},{\"@type\":\"ListItem\",\"position\":2,\"name\":\"Jos y yo decidimos casarnos\"}]},{\"@type\":\"WebSite\",\"@id\":\"https:\\\/\\\/dianamartin.net\\\/es\\\/#website\",\"url\":\"https:\\\/\\\/dianamartin.net\\\/es\\\/\",\"name\":\"Diana Mart\u00edn\",\"description\":\"\",\"publisher\":{\"@id\":\"https:\\\/\\\/dianamartin.net\\\/es\\\/#organization\"},\"potentialAction\":[{\"@type\":\"SearchAction\",\"target\":{\"@type\":\"EntryPoint\",\"urlTemplate\":\"https:\\\/\\\/dianamartin.net\\\/es\\\/?s={search_term_string}\"},\"query-input\":{\"@type\":\"PropertyValueSpecification\",\"valueRequired\":true,\"valueName\":\"search_term_string\"}}],\"inLanguage\":\"es\"},{\"@type\":\"Organization\",\"@id\":\"https:\\\/\\\/dianamartin.net\\\/es\\\/#organization\",\"name\":\"Diana Mart\u00edn\",\"url\":\"https:\\\/\\\/dianamartin.net\\\/es\\\/\",\"logo\":{\"@type\":\"ImageObject\",\"inLanguage\":\"es\",\"@id\":\"https:\\\/\\\/dianamartin.net\\\/es\\\/#\\\/schema\\\/logo\\\/image\\\/\",\"url\":\"https:\\\/\\\/dianamartin.net\\\/es\\\/wp-content\\\/uploads\\\/sites\\\/3\\\/2020\\\/11\\\/Logo-Diana-Martin.svg\",\"contentUrl\":\"https:\\\/\\\/dianamartin.net\\\/es\\\/wp-content\\\/uploads\\\/sites\\\/3\\\/2020\\\/11\\\/Logo-Diana-Martin.svg\",\"caption\":\"Diana Mart\u00edn\"},\"image\":{\"@id\":\"https:\\\/\\\/dianamartin.net\\\/es\\\/#\\\/schema\\\/logo\\\/image\\\/\"}},{\"@type\":\"Person\",\"@id\":\"https:\\\/\\\/dianamartin.net\\\/es\\\/#\\\/schema\\\/person\\\/6d2cd928f58b32f3a18e38bcce9501d2\",\"name\":\"Diana\",\"image\":{\"@type\":\"ImageObject\",\"inLanguage\":\"es\",\"@id\":\"https:\\\/\\\/secure.gravatar.com\\\/avatar\\\/d237382dd39fa1d8c1c578ec9eeb63e7ab5d11a4ea8448fee84d83c748a6ece5?s=96&d=mm&r=g\",\"url\":\"https:\\\/\\\/secure.gravatar.com\\\/avatar\\\/d237382dd39fa1d8c1c578ec9eeb63e7ab5d11a4ea8448fee84d83c748a6ece5?s=96&d=mm&r=g\",\"contentUrl\":\"https:\\\/\\\/secure.gravatar.com\\\/avatar\\\/d237382dd39fa1d8c1c578ec9eeb63e7ab5d11a4ea8448fee84d83c748a6ece5?s=96&d=mm&r=g\",\"caption\":\"Diana\"},\"url\":\"https:\\\/\\\/dianamartin.net\\\/es\\\/author\\\/diana\\\/\"}]}<\/script>\n<!-- \/ Yoast SEO plugin. -->","yoast_head_json":{"title":"Jos y yo decidimos casarnos - Diana Mart\u00edn","robots":{"index":"index","follow":"follow","max-snippet":"max-snippet:-1","max-image-preview":"max-image-preview:large","max-video-preview":"max-video-preview:-1"},"canonical":"https:\/\/dianamartin.net\/es\/jos-y-yo-decidimos-casarnos\/","og_locale":"es_ES","og_type":"article","og_title":"Jos y yo decidimos casarnos - Diana Mart\u00edn","og_description":"En abril Jos y yo decidimos casarnos. Escribo esto para no olvidar nunca.","og_url":"https:\/\/dianamartin.net\/es\/jos-y-yo-decidimos-casarnos\/","og_site_name":"Diana Mart\u00edn","article_published_time":"2021-08-17T03:11:51+00:00","article_modified_time":"2021-09-17T21:42:28+00:00","og_image":[{"width":1200,"height":630,"url":"https:\/\/dianamartin.net\/es\/wp-content\/uploads\/sites\/3\/2021\/08\/boda-panjos.jpg","type":"image\/jpeg"}],"author":"Diana","twitter_card":"summary_large_image","twitter_misc":{"Escrito por":"Diana","Tiempo de lectura":"16 minutos"},"schema":{"@context":"https:\/\/schema.org","@graph":[{"@type":"Article","@id":"https:\/\/dianamartin.net\/es\/jos-y-yo-decidimos-casarnos\/#article","isPartOf":{"@id":"https:\/\/dianamartin.net\/es\/jos-y-yo-decidimos-casarnos\/"},"author":{"name":"Diana","@id":"https:\/\/dianamartin.net\/es\/#\/schema\/person\/6d2cd928f58b32f3a18e38bcce9501d2"},"headline":"Jos y yo decidimos casarnos","datePublished":"2021-08-17T03:11:51+00:00","dateModified":"2021-09-17T21:42:28+00:00","mainEntityOfPage":{"@id":"https:\/\/dianamartin.net\/es\/jos-y-yo-decidimos-casarnos\/"},"wordCount":3491,"publisher":{"@id":"https:\/\/dianamartin.net\/es\/#organization"},"image":{"@id":"https:\/\/dianamartin.net\/es\/jos-y-yo-decidimos-casarnos\/#primaryimage"},"thumbnailUrl":"https:\/\/dianamartin.net\/es\/wp-content\/uploads\/sites\/3\/2021\/08\/boda-panjos.jpg","articleSection":["Blog"],"inLanguage":"es"},{"@type":"WebPage","@id":"https:\/\/dianamartin.net\/es\/jos-y-yo-decidimos-casarnos\/","url":"https:\/\/dianamartin.net\/es\/jos-y-yo-decidimos-casarnos\/","name":"Jos y yo decidimos casarnos - Diana Mart\u00edn","isPartOf":{"@id":"https:\/\/dianamartin.net\/es\/#website"},"primaryImageOfPage":{"@id":"https:\/\/dianamartin.net\/es\/jos-y-yo-decidimos-casarnos\/#primaryimage"},"image":{"@id":"https:\/\/dianamartin.net\/es\/jos-y-yo-decidimos-casarnos\/#primaryimage"},"thumbnailUrl":"https:\/\/dianamartin.net\/es\/wp-content\/uploads\/sites\/3\/2021\/08\/boda-panjos.jpg","datePublished":"2021-08-17T03:11:51+00:00","dateModified":"2021-09-17T21:42:28+00:00","breadcrumb":{"@id":"https:\/\/dianamartin.net\/es\/jos-y-yo-decidimos-casarnos\/#breadcrumb"},"inLanguage":"es","potentialAction":[{"@type":"ReadAction","target":["https:\/\/dianamartin.net\/es\/jos-y-yo-decidimos-casarnos\/"]}]},{"@type":"ImageObject","inLanguage":"es","@id":"https:\/\/dianamartin.net\/es\/jos-y-yo-decidimos-casarnos\/#primaryimage","url":"https:\/\/dianamartin.net\/es\/wp-content\/uploads\/sites\/3\/2021\/08\/boda-panjos.jpg","contentUrl":"https:\/\/dianamartin.net\/es\/wp-content\/uploads\/sites\/3\/2021\/08\/boda-panjos.jpg","width":1200,"height":630},{"@type":"BreadcrumbList","@id":"https:\/\/dianamartin.net\/es\/jos-y-yo-decidimos-casarnos\/#breadcrumb","itemListElement":[{"@type":"ListItem","position":1,"name":"Home","item":"https:\/\/dianamartin.net\/es\/"},{"@type":"ListItem","position":2,"name":"Jos y yo decidimos casarnos"}]},{"@type":"WebSite","@id":"https:\/\/dianamartin.net\/es\/#website","url":"https:\/\/dianamartin.net\/es\/","name":"Diana Mart\u00edn","description":"","publisher":{"@id":"https:\/\/dianamartin.net\/es\/#organization"},"potentialAction":[{"@type":"SearchAction","target":{"@type":"EntryPoint","urlTemplate":"https:\/\/dianamartin.net\/es\/?s={search_term_string}"},"query-input":{"@type":"PropertyValueSpecification","valueRequired":true,"valueName":"search_term_string"}}],"inLanguage":"es"},{"@type":"Organization","@id":"https:\/\/dianamartin.net\/es\/#organization","name":"Diana Mart\u00edn","url":"https:\/\/dianamartin.net\/es\/","logo":{"@type":"ImageObject","inLanguage":"es","@id":"https:\/\/dianamartin.net\/es\/#\/schema\/logo\/image\/","url":"https:\/\/dianamartin.net\/es\/wp-content\/uploads\/sites\/3\/2020\/11\/Logo-Diana-Martin.svg","contentUrl":"https:\/\/dianamartin.net\/es\/wp-content\/uploads\/sites\/3\/2020\/11\/Logo-Diana-Martin.svg","caption":"Diana Mart\u00edn"},"image":{"@id":"https:\/\/dianamartin.net\/es\/#\/schema\/logo\/image\/"}},{"@type":"Person","@id":"https:\/\/dianamartin.net\/es\/#\/schema\/person\/6d2cd928f58b32f3a18e38bcce9501d2","name":"Diana","image":{"@type":"ImageObject","inLanguage":"es","@id":"https:\/\/secure.gravatar.com\/avatar\/d237382dd39fa1d8c1c578ec9eeb63e7ab5d11a4ea8448fee84d83c748a6ece5?s=96&d=mm&r=g","url":"https:\/\/secure.gravatar.com\/avatar\/d237382dd39fa1d8c1c578ec9eeb63e7ab5d11a4ea8448fee84d83c748a6ece5?s=96&d=mm&r=g","contentUrl":"https:\/\/secure.gravatar.com\/avatar\/d237382dd39fa1d8c1c578ec9eeb63e7ab5d11a4ea8448fee84d83c748a6ece5?s=96&d=mm&r=g","caption":"Diana"},"url":"https:\/\/dianamartin.net\/es\/author\/diana\/"}]}},"_links":{"self":[{"href":"https:\/\/dianamartin.net\/es\/wp-json\/wp\/v2\/posts\/107106","targetHints":{"allow":["GET"]}}],"collection":[{"href":"https:\/\/dianamartin.net\/es\/wp-json\/wp\/v2\/posts"}],"about":[{"href":"https:\/\/dianamartin.net\/es\/wp-json\/wp\/v2\/types\/post"}],"author":[{"embeddable":true,"href":"https:\/\/dianamartin.net\/es\/wp-json\/wp\/v2\/users\/3"}],"replies":[{"embeddable":true,"href":"https:\/\/dianamartin.net\/es\/wp-json\/wp\/v2\/comments?post=107106"}],"version-history":[{"count":13,"href":"https:\/\/dianamartin.net\/es\/wp-json\/wp\/v2\/posts\/107106\/revisions"}],"predecessor-version":[{"id":107134,"href":"https:\/\/dianamartin.net\/es\/wp-json\/wp\/v2\/posts\/107106\/revisions\/107134"}],"wp:featuredmedia":[{"embeddable":true,"href":"https:\/\/dianamartin.net\/es\/wp-json\/wp\/v2\/media\/107110"}],"wp:attachment":[{"href":"https:\/\/dianamartin.net\/es\/wp-json\/wp\/v2\/media?parent=107106"}],"wp:term":[{"taxonomy":"category","embeddable":true,"href":"https:\/\/dianamartin.net\/es\/wp-json\/wp\/v2\/categories?post=107106"},{"taxonomy":"post_tag","embeddable":true,"href":"https:\/\/dianamartin.net\/es\/wp-json\/wp\/v2\/tags?post=107106"}],"curies":[{"name":"wp","href":"https:\/\/api.w.org\/{rel}","templated":true}]}}