{"id":2101,"date":"2012-12-23T18:52:41","date_gmt":"2012-12-24T00:52:41","guid":{"rendered":"http:\/\/www.dianamartin.net\/es\/?p=2101"},"modified":"2012-12-25T16:50:09","modified_gmt":"2012-12-25T22:50:09","slug":"pelo-morado-purple-hair","status":"publish","type":"post","link":"https:\/\/dianamartin.net\/es\/pelo-morado-purple-hair\/","title":{"rendered":"La chinga chingona de traer los pelos morados|The wonderful drag of having purple hair"},"content":{"rendered":"<p>[lang_es]Ya voy para tres meses con el cabello morado. Decid\u00ed hacer un cambio para cerrar el a\u00f1o. Un a\u00f1o bastante movido que remat\u00f3 con mi primera exposicion individual en los Estados Unidos y adem\u00e1s la publicaci\u00f3n de <a href=\"http:\/\/editorialparaisoperdido.com\/\">mi primer libro<\/a>, concebido y creado con mucho trabajo y sin divismos por <a href=\"http:\/\/apocrifa.net\">Rafael Villegas<\/a> y su servilleta. Todo esto se junt\u00f3 con la posibilidad de radicar en la ciudad de Los \u00c1ngeles, ciudad donde ahora me encuentro y donde cre\u00ed que me quedar\u00eda por una buena cantidad de a\u00f1os.<\/p>\n<p>Las cosas se han movido. He pasado momentos de euforia, felicidad y orgullo por los frutos de a\u00f1os de trabajo. Y tambi\u00e9n por una tremenda presi\u00f3n que nace del sentimiento de no querer defraudar a quienes han puesto en m\u00ed su fe junto con sus recursos, esto mientras trato de mantenerme fiel a m\u00ed misma al tiempo que me debato con la t\u00edpica crisis creativa que sigue a toda expo individual. Ahorita nada de lo que estoy haciendo me gusta. La a\u00f1oranza, la melancol\u00eda por todo aquello que me conten\u00eda ha despertado desconocidas vetas de mi mundo interno.<\/p>\n<p>Con mi t\u00edpica testarudez he deso\u00eddo voces que me aconsejaban no venir aqu\u00ed, convencida que aqu\u00ed esta mi lugar.<\/p>\n<p>Regres\u00e9 a Guadalajara a desmantelar mi casa, volv\u00ed tambi\u00e9n para la FIL.<\/p>\n<p>Ahora estoy en Los \u00c1ngeles. Todo esto lo he vivido con el cabello morado.<\/p>\n<p>Para tener el pelo de este color pas\u00e9 primero por la decoloraci\u00f3n de rigor: el tinte no entra en un cabello oscuro: tiene que ser un lienzo en blanco -o en amarillo- como fue este el caso. La decoloraci\u00f3n pica, se siente como si cientos de hormiguitas corrieran por tu cuero cabelludo. Cuando eres g\u00fcera viene la aplicaci\u00f3n del tinte morado seguido por largos minutos de espera que culminan en el lavado del pelo: el exceso de tinte sale y luego sales tan campante a la calle con el cabello de un morado profund\u00edsimo. Con las orejas y la nuca moradas eso s\u00ed, pero flamante.<\/p>\n<p>Lo que nadie me explic\u00f3, -fue la primera vez que me pint\u00e9 el pelo- era que en cada ocasi\u00f3n que me ba\u00f1ara mi pelo iba a chorrear pintura; me aterr\u00e9 al principio, pensando que emerger\u00eda de la regadera con el pelo amarillo, sorprendida ante la tremenda cantidad de pigmento que corr\u00eda por mis piernas. De como quedaron las toallas, s\u00e1banas y almohadas ni hablar. A la segunda retocada, acontecida unas dos semanas y medio m\u00e1s tarde y ante la inminencia de la presentaci\u00f3n de Juan Peregrino en Bellas Artes, la experta me regal\u00f3 una especie de tratamiento de chocolate: con esa pastita podr\u00eda librar los d\u00edas sin tener que usar el temido champ\u00fa, destructor de los tintes de colores de fantas\u00eda. La us\u00e9.<\/p>\n<p>Luego vine a Los \u00c1ngeles a arreglar detalles de la expo. El horror fue como dej\u00e9 cada noche las toallas inmaculadas de nuestro cuarto de hotel, pues aunque usaba gorra para ba\u00f1o, un poqu\u00edsimo de agua era lo que bastaba para que el tinte se me escurriera por la nuca y el salpicadero morado comenzara de nuevo. Al final de la breve visita esperaba que me cobraran un dineral por lo que arruin\u00e9, pero tuve tremenda suerte, no cobraron nada extra.<\/p>\n<p>Eso s\u00ed, el nuevo look fue un \u00e9xito. Lo amaron mis coleccionistas, las autoridades del Consulado, los angelinos, las ni\u00f1itas y las agentes aduanales.<\/p>\n<p>Lo he retocado otras dos veces ac\u00e1 en Los \u00c1ngeles, donde adem\u00e1s usan una especie de casco que expide calor. Creo que eso ha ayudado a que dure m\u00e1s el color y se chorri\u00e9 menos. Un tinte de estos te dura a lo mucho unas tres semanas antes de que el pelo comience a verse de un feo amarillo mezclado con el color natural de las ra\u00edces.<\/p>\n<p>Creo que si me hubieran explicado todo lo que implica tener un color de fantas\u00eda en el cabello no lo hubiera hecho. Ahora s\u00e9 que no lo volver\u00eda a hacer. Por lo menos no en toda la cabeza.<\/p>\n<p>Vivir todos estos cambios tan fuertes con una mata de cabello p\u00farpura\u00a0 en la cabeza ha sido muy simb\u00f3lico. Ahora que las cosas est\u00e1n calm\u00e1ndose, he dejado al morado desvanecerse poco a poco, estoy segura que mi vuelta al mejor estado de creatividad vibrante coincidir\u00e1 con el regreso del cabello casta\u00f1o.<\/p>\n<p>Y la vuelta a M\u00e9xico.[\/lang_es][lang_en]<\/p>\n<p>It\u00b4s been three months since I\u00b4ve had purple hair. I decided to change for the closing of the year. A very exciting year that finished with my first solo show in the United States and the publishing of <a href=\"http:\/\/editorialparaisoperdido.com\/\">my first book <\/a>in coauthorship with <a href=\"http:\/\/apocrifa.net\">Rafael Villegas<\/a>, a piece of art made with hard work and no overblown egos from either of us. All of this collided with the possibility of living in Los Angeles, city where I am currently and where I tought I\u00b4d be living\u00a0 for some years.<\/p>\n<p>Things have been moving. I have been through moments of euphoria, happiness and pride for the rewards of years of hard work. And also through the tremendous pressure stemming from my feeling of not wanting to dissapoint the ones who have placed their faith and resources in me, all this combined with my desire to stay true to myself and the creative crisis that follows a solo show.\u00a0 I don\u00b4t like anything of what I am drawing now. The longing, the melancholy for all that has contained me in the past has opened new chambers of my inner world.<\/p>\n<p>As is usual in me, I didn\u00b4t listen to voices advising me against coming here for I was convinced that my place was here.<\/p>\n<p>I returned to Guadalajara to dismantle my house. I also went back for the International Book Fair.<\/p>\n<p>All of this I have lived it with purple hair.<\/p>\n<p>In order to have this color on your hair you have to bleach it first, for the dye won\u00b4t stick on dark hair. It has to be a white canvas, -yellow in this case. The bleaching process itches, it feels like hundreds of\u00a0 little ants are running amok on your scalp. Once you are blond then the purple dye is applied followed by long minutes of wait that end with a hair wash that rids you of the excess of dye. Then you finally step out of the salon feeling fabulous about your deep purple hair. With purple ears and nape also, but still fabulous.<\/p>\n<p>What nobody explained to me -it was the first time in my life I had dyed my hair- was that each time I\u00b4d wash my hair dye was going to come off. I was terrified at first, thinking that I\u00b4d step out of the shower with blonde hair again, bewildered at the sight of the purple rivers streaming down my legs. And I haven\u00b4t spoken about how my towels, sheets and pillows ended.\u00a0 When I had it retouched, two weeks and a half later and with the Mexico City book presentation coming, the expert gave to me some sort of chocolate hair treatment that was supposed to act as a no-foam shampoo, the all time killer of fantasy hair colors. I used it.<\/p>\n<p>Then I came to LA to finish some details of the show. The horror was how I left the inmaculate towels of our hotel, for in spite of my religious use of a shower cap, the littlest amount of water was enough to cause the dye to run down my nape and for\u00a0 all the mess to start again. At the end of the short visit, I was expecting to be overcharged for the ruined towels but I was lucky. They charged nothing extra.<\/p>\n<p>What I can say for sure is that the look was a complete success. My collectors loved it, the Consulate authorities, the angelenos and it was a super hit among little girls and female custom officers.<\/p>\n<p>I have had it re-dyed twice in LA. Here they also use a helmet-like contraption that dries using heat. I think this has helped the color to last longer and come off less. A dye like this lasts three weeks, afterwards the hair begins to show an ugly blonde mixed with the root\u00b4s natural color.<\/p>\n<p>If someone had explained to me all that comes with having a fantasy color on the head I think I had never done it. NowI know I wouldn\u00b4t do it again. At least not in all my head.<\/p>\n<p>Going through all this strong changes with a purple mop on my head has been very symbolic. Now that things are calming down, I have left the purple fade little by little, I am sure that the return to a vibrant creative state will coincide with the return of my natural chestnut hair.<\/p>\n<p>And the return to Mexico.[\/lang_en]<\/p>\n","protected":false},"excerpt":{"rendered":"<p>[lang_es]Ya voy para tres meses con el cabello morado. Decid\u00ed hacer un cambio para cerrar el a\u00f1o. Un a\u00f1o bastante movido que remat\u00f3 con mi primera exposicion individual en los Estados Unidos y adem\u00e1s la publicaci\u00f3n de mi primer libro, concebido y creado con mucho trabajo y sin divismos por Rafael Villegas y su servilleta. [&hellip;]<\/p>\n","protected":false},"author":3,"featured_media":2105,"comment_status":"open","ping_status":"open","sticky":false,"template":"","format":"standard","meta":{"inline_featured_image":false,"footnotes":""},"categories":[7],"tags":[],"class_list":["post-2101","post","type-post","status-publish","format-standard","has-post-thumbnail","hentry","category-blog"],"yoast_head":"<!-- This site is optimized with the Yoast SEO plugin v27.5 - https:\/\/yoast.com\/product\/yoast-seo-wordpress\/ -->\n<title>La chinga chingona de traer los pelos morados|The wonderful drag of having purple hair - Diana Mart\u00edn<\/title>\n<meta name=\"robots\" content=\"index, follow, max-snippet:-1, max-image-preview:large, max-video-preview:-1\" \/>\n<link rel=\"canonical\" href=\"https:\/\/dianamartin.net\/es\/pelo-morado-purple-hair\/\" \/>\n<meta property=\"og:locale\" content=\"es_ES\" \/>\n<meta property=\"og:type\" content=\"article\" \/>\n<meta property=\"og:title\" content=\"La chinga chingona de traer los pelos morados|The wonderful drag of having purple hair - Diana Mart\u00edn\" \/>\n<meta property=\"og:description\" content=\"[lang_es]Ya voy para tres meses con el cabello morado. Decid\u00ed hacer un cambio para cerrar el a\u00f1o. Un a\u00f1o bastante movido que remat\u00f3 con mi primera exposicion individual en los Estados Unidos y adem\u00e1s la publicaci\u00f3n de mi primer libro, concebido y creado con mucho trabajo y sin divismos por Rafael Villegas y su servilleta. [&hellip;]\" \/>\n<meta property=\"og:url\" content=\"https:\/\/dianamartin.net\/es\/pelo-morado-purple-hair\/\" \/>\n<meta property=\"og:site_name\" content=\"Diana Mart\u00edn\" \/>\n<meta property=\"article:published_time\" content=\"2012-12-24T00:52:41+00:00\" \/>\n<meta property=\"article:modified_time\" content=\"2012-12-25T22:50:09+00:00\" \/>\n<meta property=\"og:image\" content=\"https:\/\/dianamartin.net\/es\/wp-content\/uploads\/sites\/3\/2012\/12\/pelomorado.jpg\" \/>\n\t<meta property=\"og:image:width\" content=\"800\" \/>\n\t<meta property=\"og:image:height\" content=\"800\" \/>\n\t<meta property=\"og:image:type\" content=\"image\/jpeg\" \/>\n<meta name=\"author\" content=\"Diana\" \/>\n<meta name=\"twitter:card\" content=\"summary_large_image\" \/>\n<meta name=\"twitter:label1\" content=\"Escrito por\" \/>\n\t<meta name=\"twitter:data1\" content=\"Diana\" \/>\n\t<meta name=\"twitter:label2\" content=\"Tiempo de lectura\" \/>\n\t<meta name=\"twitter:data2\" content=\"8 minutos\" \/>\n<script type=\"application\/ld+json\" class=\"yoast-schema-graph\">{\"@context\":\"https:\\\/\\\/schema.org\",\"@graph\":[{\"@type\":\"Article\",\"@id\":\"https:\\\/\\\/dianamartin.net\\\/es\\\/pelo-morado-purple-hair\\\/#article\",\"isPartOf\":{\"@id\":\"https:\\\/\\\/dianamartin.net\\\/es\\\/pelo-morado-purple-hair\\\/\"},\"author\":{\"name\":\"Diana\",\"@id\":\"https:\\\/\\\/dianamartin.net\\\/es\\\/#\\\/schema\\\/person\\\/6d2cd928f58b32f3a18e38bcce9501d2\"},\"headline\":\"La chinga chingona de traer los pelos morados|The wonderful drag of having purple hair\",\"datePublished\":\"2012-12-24T00:52:41+00:00\",\"dateModified\":\"2012-12-25T22:50:09+00:00\",\"mainEntityOfPage\":{\"@id\":\"https:\\\/\\\/dianamartin.net\\\/es\\\/pelo-morado-purple-hair\\\/\"},\"wordCount\":1541,\"commentCount\":13,\"publisher\":{\"@id\":\"https:\\\/\\\/dianamartin.net\\\/es\\\/#organization\"},\"image\":{\"@id\":\"https:\\\/\\\/dianamartin.net\\\/es\\\/pelo-morado-purple-hair\\\/#primaryimage\"},\"thumbnailUrl\":\"https:\\\/\\\/dianamartin.net\\\/es\\\/wp-content\\\/uploads\\\/sites\\\/3\\\/2012\\\/12\\\/pelomorado.jpg\",\"articleSection\":[\"Blog\"],\"inLanguage\":\"es\"},{\"@type\":\"WebPage\",\"@id\":\"https:\\\/\\\/dianamartin.net\\\/es\\\/pelo-morado-purple-hair\\\/\",\"url\":\"https:\\\/\\\/dianamartin.net\\\/es\\\/pelo-morado-purple-hair\\\/\",\"name\":\"La chinga chingona de traer los pelos morados|The wonderful drag of having purple hair - Diana Mart\u00edn\",\"isPartOf\":{\"@id\":\"https:\\\/\\\/dianamartin.net\\\/es\\\/#website\"},\"primaryImageOfPage\":{\"@id\":\"https:\\\/\\\/dianamartin.net\\\/es\\\/pelo-morado-purple-hair\\\/#primaryimage\"},\"image\":{\"@id\":\"https:\\\/\\\/dianamartin.net\\\/es\\\/pelo-morado-purple-hair\\\/#primaryimage\"},\"thumbnailUrl\":\"https:\\\/\\\/dianamartin.net\\\/es\\\/wp-content\\\/uploads\\\/sites\\\/3\\\/2012\\\/12\\\/pelomorado.jpg\",\"datePublished\":\"2012-12-24T00:52:41+00:00\",\"dateModified\":\"2012-12-25T22:50:09+00:00\",\"breadcrumb\":{\"@id\":\"https:\\\/\\\/dianamartin.net\\\/es\\\/pelo-morado-purple-hair\\\/#breadcrumb\"},\"inLanguage\":\"es\",\"potentialAction\":[{\"@type\":\"ReadAction\",\"target\":[\"https:\\\/\\\/dianamartin.net\\\/es\\\/pelo-morado-purple-hair\\\/\"]}]},{\"@type\":\"ImageObject\",\"inLanguage\":\"es\",\"@id\":\"https:\\\/\\\/dianamartin.net\\\/es\\\/pelo-morado-purple-hair\\\/#primaryimage\",\"url\":\"https:\\\/\\\/dianamartin.net\\\/es\\\/wp-content\\\/uploads\\\/sites\\\/3\\\/2012\\\/12\\\/pelomorado.jpg\",\"contentUrl\":\"https:\\\/\\\/dianamartin.net\\\/es\\\/wp-content\\\/uploads\\\/sites\\\/3\\\/2012\\\/12\\\/pelomorado.jpg\",\"width\":800,\"height\":800},{\"@type\":\"BreadcrumbList\",\"@id\":\"https:\\\/\\\/dianamartin.net\\\/es\\\/pelo-morado-purple-hair\\\/#breadcrumb\",\"itemListElement\":[{\"@type\":\"ListItem\",\"position\":1,\"name\":\"Home\",\"item\":\"https:\\\/\\\/dianamartin.net\\\/es\\\/\"},{\"@type\":\"ListItem\",\"position\":2,\"name\":\"La chinga chingona de traer los pelos morados|The wonderful drag of having purple hair\"}]},{\"@type\":\"WebSite\",\"@id\":\"https:\\\/\\\/dianamartin.net\\\/es\\\/#website\",\"url\":\"https:\\\/\\\/dianamartin.net\\\/es\\\/\",\"name\":\"Diana Mart\u00edn\",\"description\":\"\",\"publisher\":{\"@id\":\"https:\\\/\\\/dianamartin.net\\\/es\\\/#organization\"},\"potentialAction\":[{\"@type\":\"SearchAction\",\"target\":{\"@type\":\"EntryPoint\",\"urlTemplate\":\"https:\\\/\\\/dianamartin.net\\\/es\\\/?s={search_term_string}\"},\"query-input\":{\"@type\":\"PropertyValueSpecification\",\"valueRequired\":true,\"valueName\":\"search_term_string\"}}],\"inLanguage\":\"es\"},{\"@type\":\"Organization\",\"@id\":\"https:\\\/\\\/dianamartin.net\\\/es\\\/#organization\",\"name\":\"Diana Mart\u00edn\",\"url\":\"https:\\\/\\\/dianamartin.net\\\/es\\\/\",\"logo\":{\"@type\":\"ImageObject\",\"inLanguage\":\"es\",\"@id\":\"https:\\\/\\\/dianamartin.net\\\/es\\\/#\\\/schema\\\/logo\\\/image\\\/\",\"url\":\"https:\\\/\\\/dianamartin.net\\\/es\\\/wp-content\\\/uploads\\\/sites\\\/3\\\/2020\\\/11\\\/Logo-Diana-Martin.svg\",\"contentUrl\":\"https:\\\/\\\/dianamartin.net\\\/es\\\/wp-content\\\/uploads\\\/sites\\\/3\\\/2020\\\/11\\\/Logo-Diana-Martin.svg\",\"caption\":\"Diana Mart\u00edn\"},\"image\":{\"@id\":\"https:\\\/\\\/dianamartin.net\\\/es\\\/#\\\/schema\\\/logo\\\/image\\\/\"}},{\"@type\":\"Person\",\"@id\":\"https:\\\/\\\/dianamartin.net\\\/es\\\/#\\\/schema\\\/person\\\/6d2cd928f58b32f3a18e38bcce9501d2\",\"name\":\"Diana\",\"image\":{\"@type\":\"ImageObject\",\"inLanguage\":\"es\",\"@id\":\"https:\\\/\\\/secure.gravatar.com\\\/avatar\\\/d237382dd39fa1d8c1c578ec9eeb63e7ab5d11a4ea8448fee84d83c748a6ece5?s=96&d=mm&r=g\",\"url\":\"https:\\\/\\\/secure.gravatar.com\\\/avatar\\\/d237382dd39fa1d8c1c578ec9eeb63e7ab5d11a4ea8448fee84d83c748a6ece5?s=96&d=mm&r=g\",\"contentUrl\":\"https:\\\/\\\/secure.gravatar.com\\\/avatar\\\/d237382dd39fa1d8c1c578ec9eeb63e7ab5d11a4ea8448fee84d83c748a6ece5?s=96&d=mm&r=g\",\"caption\":\"Diana\"},\"url\":\"https:\\\/\\\/dianamartin.net\\\/es\\\/author\\\/diana\\\/\"}]}<\/script>\n<!-- \/ Yoast SEO plugin. -->","yoast_head_json":{"title":"La chinga chingona de traer los pelos morados|The wonderful drag of having purple hair - Diana Mart\u00edn","robots":{"index":"index","follow":"follow","max-snippet":"max-snippet:-1","max-image-preview":"max-image-preview:large","max-video-preview":"max-video-preview:-1"},"canonical":"https:\/\/dianamartin.net\/es\/pelo-morado-purple-hair\/","og_locale":"es_ES","og_type":"article","og_title":"La chinga chingona de traer los pelos morados|The wonderful drag of having purple hair - Diana Mart\u00edn","og_description":"[lang_es]Ya voy para tres meses con el cabello morado. Decid\u00ed hacer un cambio para cerrar el a\u00f1o. Un a\u00f1o bastante movido que remat\u00f3 con mi primera exposicion individual en los Estados Unidos y adem\u00e1s la publicaci\u00f3n de mi primer libro, concebido y creado con mucho trabajo y sin divismos por Rafael Villegas y su servilleta. [&hellip;]","og_url":"https:\/\/dianamartin.net\/es\/pelo-morado-purple-hair\/","og_site_name":"Diana Mart\u00edn","article_published_time":"2012-12-24T00:52:41+00:00","article_modified_time":"2012-12-25T22:50:09+00:00","og_image":[{"width":800,"height":800,"url":"https:\/\/dianamartin.net\/es\/wp-content\/uploads\/sites\/3\/2012\/12\/pelomorado.jpg","type":"image\/jpeg"}],"author":"Diana","twitter_card":"summary_large_image","twitter_misc":{"Escrito por":"Diana","Tiempo de lectura":"8 minutos"},"schema":{"@context":"https:\/\/schema.org","@graph":[{"@type":"Article","@id":"https:\/\/dianamartin.net\/es\/pelo-morado-purple-hair\/#article","isPartOf":{"@id":"https:\/\/dianamartin.net\/es\/pelo-morado-purple-hair\/"},"author":{"name":"Diana","@id":"https:\/\/dianamartin.net\/es\/#\/schema\/person\/6d2cd928f58b32f3a18e38bcce9501d2"},"headline":"La chinga chingona de traer los pelos morados|The wonderful drag of having purple hair","datePublished":"2012-12-24T00:52:41+00:00","dateModified":"2012-12-25T22:50:09+00:00","mainEntityOfPage":{"@id":"https:\/\/dianamartin.net\/es\/pelo-morado-purple-hair\/"},"wordCount":1541,"commentCount":13,"publisher":{"@id":"https:\/\/dianamartin.net\/es\/#organization"},"image":{"@id":"https:\/\/dianamartin.net\/es\/pelo-morado-purple-hair\/#primaryimage"},"thumbnailUrl":"https:\/\/dianamartin.net\/es\/wp-content\/uploads\/sites\/3\/2012\/12\/pelomorado.jpg","articleSection":["Blog"],"inLanguage":"es"},{"@type":"WebPage","@id":"https:\/\/dianamartin.net\/es\/pelo-morado-purple-hair\/","url":"https:\/\/dianamartin.net\/es\/pelo-morado-purple-hair\/","name":"La chinga chingona de traer los pelos morados|The wonderful drag of having purple hair - Diana Mart\u00edn","isPartOf":{"@id":"https:\/\/dianamartin.net\/es\/#website"},"primaryImageOfPage":{"@id":"https:\/\/dianamartin.net\/es\/pelo-morado-purple-hair\/#primaryimage"},"image":{"@id":"https:\/\/dianamartin.net\/es\/pelo-morado-purple-hair\/#primaryimage"},"thumbnailUrl":"https:\/\/dianamartin.net\/es\/wp-content\/uploads\/sites\/3\/2012\/12\/pelomorado.jpg","datePublished":"2012-12-24T00:52:41+00:00","dateModified":"2012-12-25T22:50:09+00:00","breadcrumb":{"@id":"https:\/\/dianamartin.net\/es\/pelo-morado-purple-hair\/#breadcrumb"},"inLanguage":"es","potentialAction":[{"@type":"ReadAction","target":["https:\/\/dianamartin.net\/es\/pelo-morado-purple-hair\/"]}]},{"@type":"ImageObject","inLanguage":"es","@id":"https:\/\/dianamartin.net\/es\/pelo-morado-purple-hair\/#primaryimage","url":"https:\/\/dianamartin.net\/es\/wp-content\/uploads\/sites\/3\/2012\/12\/pelomorado.jpg","contentUrl":"https:\/\/dianamartin.net\/es\/wp-content\/uploads\/sites\/3\/2012\/12\/pelomorado.jpg","width":800,"height":800},{"@type":"BreadcrumbList","@id":"https:\/\/dianamartin.net\/es\/pelo-morado-purple-hair\/#breadcrumb","itemListElement":[{"@type":"ListItem","position":1,"name":"Home","item":"https:\/\/dianamartin.net\/es\/"},{"@type":"ListItem","position":2,"name":"La chinga chingona de traer los pelos morados|The wonderful drag of having purple hair"}]},{"@type":"WebSite","@id":"https:\/\/dianamartin.net\/es\/#website","url":"https:\/\/dianamartin.net\/es\/","name":"Diana Mart\u00edn","description":"","publisher":{"@id":"https:\/\/dianamartin.net\/es\/#organization"},"potentialAction":[{"@type":"SearchAction","target":{"@type":"EntryPoint","urlTemplate":"https:\/\/dianamartin.net\/es\/?s={search_term_string}"},"query-input":{"@type":"PropertyValueSpecification","valueRequired":true,"valueName":"search_term_string"}}],"inLanguage":"es"},{"@type":"Organization","@id":"https:\/\/dianamartin.net\/es\/#organization","name":"Diana Mart\u00edn","url":"https:\/\/dianamartin.net\/es\/","logo":{"@type":"ImageObject","inLanguage":"es","@id":"https:\/\/dianamartin.net\/es\/#\/schema\/logo\/image\/","url":"https:\/\/dianamartin.net\/es\/wp-content\/uploads\/sites\/3\/2020\/11\/Logo-Diana-Martin.svg","contentUrl":"https:\/\/dianamartin.net\/es\/wp-content\/uploads\/sites\/3\/2020\/11\/Logo-Diana-Martin.svg","caption":"Diana Mart\u00edn"},"image":{"@id":"https:\/\/dianamartin.net\/es\/#\/schema\/logo\/image\/"}},{"@type":"Person","@id":"https:\/\/dianamartin.net\/es\/#\/schema\/person\/6d2cd928f58b32f3a18e38bcce9501d2","name":"Diana","image":{"@type":"ImageObject","inLanguage":"es","@id":"https:\/\/secure.gravatar.com\/avatar\/d237382dd39fa1d8c1c578ec9eeb63e7ab5d11a4ea8448fee84d83c748a6ece5?s=96&d=mm&r=g","url":"https:\/\/secure.gravatar.com\/avatar\/d237382dd39fa1d8c1c578ec9eeb63e7ab5d11a4ea8448fee84d83c748a6ece5?s=96&d=mm&r=g","contentUrl":"https:\/\/secure.gravatar.com\/avatar\/d237382dd39fa1d8c1c578ec9eeb63e7ab5d11a4ea8448fee84d83c748a6ece5?s=96&d=mm&r=g","caption":"Diana"},"url":"https:\/\/dianamartin.net\/es\/author\/diana\/"}]}},"_links":{"self":[{"href":"https:\/\/dianamartin.net\/es\/wp-json\/wp\/v2\/posts\/2101","targetHints":{"allow":["GET"]}}],"collection":[{"href":"https:\/\/dianamartin.net\/es\/wp-json\/wp\/v2\/posts"}],"about":[{"href":"https:\/\/dianamartin.net\/es\/wp-json\/wp\/v2\/types\/post"}],"author":[{"embeddable":true,"href":"https:\/\/dianamartin.net\/es\/wp-json\/wp\/v2\/users\/3"}],"replies":[{"embeddable":true,"href":"https:\/\/dianamartin.net\/es\/wp-json\/wp\/v2\/comments?post=2101"}],"version-history":[{"count":16,"href":"https:\/\/dianamartin.net\/es\/wp-json\/wp\/v2\/posts\/2101\/revisions"}],"predecessor-version":[{"id":2118,"href":"https:\/\/dianamartin.net\/es\/wp-json\/wp\/v2\/posts\/2101\/revisions\/2118"}],"wp:featuredmedia":[{"embeddable":true,"href":"https:\/\/dianamartin.net\/es\/wp-json\/wp\/v2\/media\/2105"}],"wp:attachment":[{"href":"https:\/\/dianamartin.net\/es\/wp-json\/wp\/v2\/media?parent=2101"}],"wp:term":[{"taxonomy":"category","embeddable":true,"href":"https:\/\/dianamartin.net\/es\/wp-json\/wp\/v2\/categories?post=2101"},{"taxonomy":"post_tag","embeddable":true,"href":"https:\/\/dianamartin.net\/es\/wp-json\/wp\/v2\/tags?post=2101"}],"curies":[{"name":"wp","href":"https:\/\/api.w.org\/{rel}","templated":true}]}}