{"id":3547,"date":"2014-12-01T11:59:20","date_gmt":"2014-12-01T17:59:20","guid":{"rendered":"http:\/\/www.dianamartin.net\/es\/?p=3547"},"modified":"2014-12-01T12:05:30","modified_gmt":"2014-12-01T18:05:30","slug":"en-la-feria-de-ilustracion-arteria","status":"publish","type":"post","link":"https:\/\/dianamartin.net\/es\/en-la-feria-de-ilustracion-arteria\/","title":{"rendered":"En la Feria de Ilustraci\u00f3n Arteria"},"content":{"rendered":"<p><a href=\"http:\/\/www.dianamartin.net\/es\/wp-content\/uploads\/sites\/3\/2014\/12\/conferencia_arteria.jpg\"><img loading=\"lazy\" decoding=\"async\" class=\"aligncenter size-full wp-image-3548\" src=\"http:\/\/www.dianamartin.net\/es\/wp-content\/uploads\/sites\/3\/2014\/12\/conferencia_arteria.jpg\" alt=\"conferencia_arteria\" width=\"836\" height=\"552\" srcset=\"https:\/\/dianamartin.net\/es\/wp-content\/uploads\/sites\/3\/2014\/12\/conferencia_arteria.jpg 836w, https:\/\/dianamartin.net\/es\/wp-content\/uploads\/sites\/3\/2014\/12\/conferencia_arteria-300x198.jpg 300w\" sizes=\"auto, (max-width: 836px) 100vw, 836px\" \/><\/a><\/p>\n<p>Tuve el honor de ser invitada a dar una conferencia dentro del marco de la tercera edici\u00f3n del <strong>Festival Arteria de Ilustraci\u00f3n<\/strong>. La conferencia m\u00e1s bien se convirti\u00f3 en una rica charla en la que compart\u00ed recomendaciones para avanzar en una carrera en las artes visuales,\u00a0para poder comercializar la obra y a final de cuentas, poder vivir dignamente de esto. Todos los tips que compart\u00ed los he ido aprendiendo a lo largo de catorce a\u00f1os en este camino, y como le comentaba a la audiencia: si al aplicar algo de lo que di a conocer se ahorran unos a\u00f1os y progresan a mayor ritmo de lo que yo lo he hecho, pues qu\u00e9 maravilla, \u00e9se era mi objetivo.\u00a0Uno empieza una carrera en las artes sin tener idea de para donde jalar o qu\u00e9 hacer, lo \u00fanico que deseas es dibujar. Pero si defines los objetivos a largo plazo creo que los alcanzar\u00e1s m\u00e1s r\u00e1pido. Yo, como les comentaba a los artistas m\u00e1s j\u00f3venes que me escuchaban, tambi\u00e9n he sido receptora de sucesos afortunados, pero si ello me ha pasado, es porque he procurado estar en constante exposici\u00f3n, ninguna de las personas que se han vuelto importantes en mi carrera ha ido a tocar la puerta de mi casa. M\u00e1s bien ha sido al rev\u00e9s y he sido yo quien ha estado tocando puertas, consciente de que algunas nunca se abrir\u00e1n.<\/p>\n<p>Pero otras tantas s\u00ed.<\/p>\n<p>Me hubiera encantado poder haber escuchado mi propia charla en su momento, me figuraba que ah\u00ed estaba mi yo m\u00e1s joven, poniendo atenci\u00f3n, \u00f1o\u00f1amente tomando notas, dispuesta a poner en pr\u00e1ctica los consejos escuchados.\u00a0Al final hubo una ronda de preguntas y respuestas, intent\u00e9 contestarlas lo mejor posible, creo que lo hice bien. Fue la primera charla de este tipo que brind\u00e9 y me gust\u00f3. Me gust\u00f3 ver tanto joven s\u00faper talentoso. Me gust\u00f3 devolverle al arte un poco de todo lo que me ha dado.<\/p>\n","protected":false},"excerpt":{"rendered":"<p>Tuve el honor de ser invitada a dar una conferencia dentro del marco de la tercera edici\u00f3n del Festival Arteria de Ilustraci\u00f3n. La conferencia m\u00e1s bien se convirti\u00f3 en una rica charla en la que compart\u00ed recomendaciones para avanzar en una carrera en las artes visuales,\u00a0para poder comercializar la obra y a final de cuentas, [&hellip;]<\/p>\n","protected":false},"author":3,"featured_media":0,"comment_status":"open","ping_status":"open","sticky":false,"template":"","format":"standard","meta":{"inline_featured_image":false,"footnotes":""},"categories":[7],"tags":[],"class_list":["post-3547","post","type-post","status-publish","format-standard","hentry","category-blog"],"yoast_head":"<!-- This site is optimized with the Yoast SEO plugin v27.5 - https:\/\/yoast.com\/product\/yoast-seo-wordpress\/ -->\n<title>En la Feria de Ilustraci\u00f3n Arteria - Diana Mart\u00edn<\/title>\n<meta name=\"robots\" content=\"index, follow, max-snippet:-1, max-image-preview:large, max-video-preview:-1\" \/>\n<link rel=\"canonical\" href=\"https:\/\/dianamartin.net\/es\/en-la-feria-de-ilustracion-arteria\/\" \/>\n<meta property=\"og:locale\" content=\"es_ES\" \/>\n<meta property=\"og:type\" content=\"article\" \/>\n<meta property=\"og:title\" content=\"En la Feria de Ilustraci\u00f3n Arteria - Diana Mart\u00edn\" \/>\n<meta property=\"og:description\" content=\"Tuve el honor de ser invitada a dar una conferencia dentro del marco de la tercera edici\u00f3n del Festival Arteria de Ilustraci\u00f3n. La conferencia m\u00e1s bien se convirti\u00f3 en una rica charla en la que compart\u00ed recomendaciones para avanzar en una carrera en las artes visuales,\u00a0para poder comercializar la obra y a final de cuentas, [&hellip;]\" \/>\n<meta property=\"og:url\" content=\"https:\/\/dianamartin.net\/es\/en-la-feria-de-ilustracion-arteria\/\" \/>\n<meta property=\"og:site_name\" content=\"Diana Mart\u00edn\" \/>\n<meta property=\"article:published_time\" content=\"2014-12-01T17:59:20+00:00\" \/>\n<meta property=\"article:modified_time\" content=\"2014-12-01T18:05:30+00:00\" \/>\n<meta property=\"og:image\" content=\"http:\/\/www.dianamartin.net\/es\/wp-content\/uploads\/sites\/3\/2014\/12\/conferencia_arteria.jpg\" \/>\n<meta name=\"author\" content=\"Diana\" \/>\n<meta name=\"twitter:card\" content=\"summary_large_image\" \/>\n<meta name=\"twitter:label1\" content=\"Escrito por\" \/>\n\t<meta name=\"twitter:data1\" content=\"Diana\" \/>\n\t<meta name=\"twitter:label2\" content=\"Tiempo de lectura\" \/>\n\t<meta name=\"twitter:data2\" content=\"2 minutos\" \/>\n<script type=\"application\/ld+json\" class=\"yoast-schema-graph\">{\"@context\":\"https:\\\/\\\/schema.org\",\"@graph\":[{\"@type\":\"Article\",\"@id\":\"https:\\\/\\\/dianamartin.net\\\/es\\\/en-la-feria-de-ilustracion-arteria\\\/#article\",\"isPartOf\":{\"@id\":\"https:\\\/\\\/dianamartin.net\\\/es\\\/en-la-feria-de-ilustracion-arteria\\\/\"},\"author\":{\"name\":\"Diana\",\"@id\":\"https:\\\/\\\/dianamartin.net\\\/es\\\/#\\\/schema\\\/person\\\/6d2cd928f58b32f3a18e38bcce9501d2\"},\"headline\":\"En la Feria de Ilustraci\u00f3n Arteria\",\"datePublished\":\"2014-12-01T17:59:20+00:00\",\"dateModified\":\"2014-12-01T18:05:30+00:00\",\"mainEntityOfPage\":{\"@id\":\"https:\\\/\\\/dianamartin.net\\\/es\\\/en-la-feria-de-ilustracion-arteria\\\/\"},\"wordCount\":349,\"commentCount\":2,\"publisher\":{\"@id\":\"https:\\\/\\\/dianamartin.net\\\/es\\\/#organization\"},\"image\":{\"@id\":\"https:\\\/\\\/dianamartin.net\\\/es\\\/en-la-feria-de-ilustracion-arteria\\\/#primaryimage\"},\"thumbnailUrl\":\"http:\\\/\\\/www.dianamartin.net\\\/es\\\/wp-content\\\/uploads\\\/sites\\\/3\\\/2014\\\/12\\\/conferencia_arteria.jpg\",\"articleSection\":[\"Blog\"],\"inLanguage\":\"es\"},{\"@type\":\"WebPage\",\"@id\":\"https:\\\/\\\/dianamartin.net\\\/es\\\/en-la-feria-de-ilustracion-arteria\\\/\",\"url\":\"https:\\\/\\\/dianamartin.net\\\/es\\\/en-la-feria-de-ilustracion-arteria\\\/\",\"name\":\"En la Feria de Ilustraci\u00f3n Arteria - Diana Mart\u00edn\",\"isPartOf\":{\"@id\":\"https:\\\/\\\/dianamartin.net\\\/es\\\/#website\"},\"primaryImageOfPage\":{\"@id\":\"https:\\\/\\\/dianamartin.net\\\/es\\\/en-la-feria-de-ilustracion-arteria\\\/#primaryimage\"},\"image\":{\"@id\":\"https:\\\/\\\/dianamartin.net\\\/es\\\/en-la-feria-de-ilustracion-arteria\\\/#primaryimage\"},\"thumbnailUrl\":\"http:\\\/\\\/www.dianamartin.net\\\/es\\\/wp-content\\\/uploads\\\/sites\\\/3\\\/2014\\\/12\\\/conferencia_arteria.jpg\",\"datePublished\":\"2014-12-01T17:59:20+00:00\",\"dateModified\":\"2014-12-01T18:05:30+00:00\",\"breadcrumb\":{\"@id\":\"https:\\\/\\\/dianamartin.net\\\/es\\\/en-la-feria-de-ilustracion-arteria\\\/#breadcrumb\"},\"inLanguage\":\"es\",\"potentialAction\":[{\"@type\":\"ReadAction\",\"target\":[\"https:\\\/\\\/dianamartin.net\\\/es\\\/en-la-feria-de-ilustracion-arteria\\\/\"]}]},{\"@type\":\"ImageObject\",\"inLanguage\":\"es\",\"@id\":\"https:\\\/\\\/dianamartin.net\\\/es\\\/en-la-feria-de-ilustracion-arteria\\\/#primaryimage\",\"url\":\"http:\\\/\\\/www.dianamartin.net\\\/es\\\/wp-content\\\/uploads\\\/sites\\\/3\\\/2014\\\/12\\\/conferencia_arteria.jpg\",\"contentUrl\":\"http:\\\/\\\/www.dianamartin.net\\\/es\\\/wp-content\\\/uploads\\\/sites\\\/3\\\/2014\\\/12\\\/conferencia_arteria.jpg\"},{\"@type\":\"BreadcrumbList\",\"@id\":\"https:\\\/\\\/dianamartin.net\\\/es\\\/en-la-feria-de-ilustracion-arteria\\\/#breadcrumb\",\"itemListElement\":[{\"@type\":\"ListItem\",\"position\":1,\"name\":\"Home\",\"item\":\"https:\\\/\\\/dianamartin.net\\\/es\\\/\"},{\"@type\":\"ListItem\",\"position\":2,\"name\":\"En la Feria de Ilustraci\u00f3n Arteria\"}]},{\"@type\":\"WebSite\",\"@id\":\"https:\\\/\\\/dianamartin.net\\\/es\\\/#website\",\"url\":\"https:\\\/\\\/dianamartin.net\\\/es\\\/\",\"name\":\"Diana Mart\u00edn\",\"description\":\"\",\"publisher\":{\"@id\":\"https:\\\/\\\/dianamartin.net\\\/es\\\/#organization\"},\"potentialAction\":[{\"@type\":\"SearchAction\",\"target\":{\"@type\":\"EntryPoint\",\"urlTemplate\":\"https:\\\/\\\/dianamartin.net\\\/es\\\/?s={search_term_string}\"},\"query-input\":{\"@type\":\"PropertyValueSpecification\",\"valueRequired\":true,\"valueName\":\"search_term_string\"}}],\"inLanguage\":\"es\"},{\"@type\":\"Organization\",\"@id\":\"https:\\\/\\\/dianamartin.net\\\/es\\\/#organization\",\"name\":\"Diana Mart\u00edn\",\"url\":\"https:\\\/\\\/dianamartin.net\\\/es\\\/\",\"logo\":{\"@type\":\"ImageObject\",\"inLanguage\":\"es\",\"@id\":\"https:\\\/\\\/dianamartin.net\\\/es\\\/#\\\/schema\\\/logo\\\/image\\\/\",\"url\":\"https:\\\/\\\/dianamartin.net\\\/es\\\/wp-content\\\/uploads\\\/sites\\\/3\\\/2020\\\/11\\\/Logo-Diana-Martin.svg\",\"contentUrl\":\"https:\\\/\\\/dianamartin.net\\\/es\\\/wp-content\\\/uploads\\\/sites\\\/3\\\/2020\\\/11\\\/Logo-Diana-Martin.svg\",\"caption\":\"Diana Mart\u00edn\"},\"image\":{\"@id\":\"https:\\\/\\\/dianamartin.net\\\/es\\\/#\\\/schema\\\/logo\\\/image\\\/\"}},{\"@type\":\"Person\",\"@id\":\"https:\\\/\\\/dianamartin.net\\\/es\\\/#\\\/schema\\\/person\\\/6d2cd928f58b32f3a18e38bcce9501d2\",\"name\":\"Diana\",\"image\":{\"@type\":\"ImageObject\",\"inLanguage\":\"es\",\"@id\":\"https:\\\/\\\/secure.gravatar.com\\\/avatar\\\/d237382dd39fa1d8c1c578ec9eeb63e7ab5d11a4ea8448fee84d83c748a6ece5?s=96&d=mm&r=g\",\"url\":\"https:\\\/\\\/secure.gravatar.com\\\/avatar\\\/d237382dd39fa1d8c1c578ec9eeb63e7ab5d11a4ea8448fee84d83c748a6ece5?s=96&d=mm&r=g\",\"contentUrl\":\"https:\\\/\\\/secure.gravatar.com\\\/avatar\\\/d237382dd39fa1d8c1c578ec9eeb63e7ab5d11a4ea8448fee84d83c748a6ece5?s=96&d=mm&r=g\",\"caption\":\"Diana\"},\"url\":\"https:\\\/\\\/dianamartin.net\\\/es\\\/author\\\/diana\\\/\"}]}<\/script>\n<!-- \/ Yoast SEO plugin. -->","yoast_head_json":{"title":"En la Feria de Ilustraci\u00f3n Arteria - Diana Mart\u00edn","robots":{"index":"index","follow":"follow","max-snippet":"max-snippet:-1","max-image-preview":"max-image-preview:large","max-video-preview":"max-video-preview:-1"},"canonical":"https:\/\/dianamartin.net\/es\/en-la-feria-de-ilustracion-arteria\/","og_locale":"es_ES","og_type":"article","og_title":"En la Feria de Ilustraci\u00f3n Arteria - Diana Mart\u00edn","og_description":"Tuve el honor de ser invitada a dar una conferencia dentro del marco de la tercera edici\u00f3n del Festival Arteria de Ilustraci\u00f3n. La conferencia m\u00e1s bien se convirti\u00f3 en una rica charla en la que compart\u00ed recomendaciones para avanzar en una carrera en las artes visuales,\u00a0para poder comercializar la obra y a final de cuentas, [&hellip;]","og_url":"https:\/\/dianamartin.net\/es\/en-la-feria-de-ilustracion-arteria\/","og_site_name":"Diana Mart\u00edn","article_published_time":"2014-12-01T17:59:20+00:00","article_modified_time":"2014-12-01T18:05:30+00:00","og_image":[{"url":"http:\/\/www.dianamartin.net\/es\/wp-content\/uploads\/sites\/3\/2014\/12\/conferencia_arteria.jpg","type":"","width":"","height":""}],"author":"Diana","twitter_card":"summary_large_image","twitter_misc":{"Escrito por":"Diana","Tiempo de lectura":"2 minutos"},"schema":{"@context":"https:\/\/schema.org","@graph":[{"@type":"Article","@id":"https:\/\/dianamartin.net\/es\/en-la-feria-de-ilustracion-arteria\/#article","isPartOf":{"@id":"https:\/\/dianamartin.net\/es\/en-la-feria-de-ilustracion-arteria\/"},"author":{"name":"Diana","@id":"https:\/\/dianamartin.net\/es\/#\/schema\/person\/6d2cd928f58b32f3a18e38bcce9501d2"},"headline":"En la Feria de Ilustraci\u00f3n Arteria","datePublished":"2014-12-01T17:59:20+00:00","dateModified":"2014-12-01T18:05:30+00:00","mainEntityOfPage":{"@id":"https:\/\/dianamartin.net\/es\/en-la-feria-de-ilustracion-arteria\/"},"wordCount":349,"commentCount":2,"publisher":{"@id":"https:\/\/dianamartin.net\/es\/#organization"},"image":{"@id":"https:\/\/dianamartin.net\/es\/en-la-feria-de-ilustracion-arteria\/#primaryimage"},"thumbnailUrl":"http:\/\/www.dianamartin.net\/es\/wp-content\/uploads\/sites\/3\/2014\/12\/conferencia_arteria.jpg","articleSection":["Blog"],"inLanguage":"es"},{"@type":"WebPage","@id":"https:\/\/dianamartin.net\/es\/en-la-feria-de-ilustracion-arteria\/","url":"https:\/\/dianamartin.net\/es\/en-la-feria-de-ilustracion-arteria\/","name":"En la Feria de Ilustraci\u00f3n Arteria - Diana Mart\u00edn","isPartOf":{"@id":"https:\/\/dianamartin.net\/es\/#website"},"primaryImageOfPage":{"@id":"https:\/\/dianamartin.net\/es\/en-la-feria-de-ilustracion-arteria\/#primaryimage"},"image":{"@id":"https:\/\/dianamartin.net\/es\/en-la-feria-de-ilustracion-arteria\/#primaryimage"},"thumbnailUrl":"http:\/\/www.dianamartin.net\/es\/wp-content\/uploads\/sites\/3\/2014\/12\/conferencia_arteria.jpg","datePublished":"2014-12-01T17:59:20+00:00","dateModified":"2014-12-01T18:05:30+00:00","breadcrumb":{"@id":"https:\/\/dianamartin.net\/es\/en-la-feria-de-ilustracion-arteria\/#breadcrumb"},"inLanguage":"es","potentialAction":[{"@type":"ReadAction","target":["https:\/\/dianamartin.net\/es\/en-la-feria-de-ilustracion-arteria\/"]}]},{"@type":"ImageObject","inLanguage":"es","@id":"https:\/\/dianamartin.net\/es\/en-la-feria-de-ilustracion-arteria\/#primaryimage","url":"http:\/\/www.dianamartin.net\/es\/wp-content\/uploads\/sites\/3\/2014\/12\/conferencia_arteria.jpg","contentUrl":"http:\/\/www.dianamartin.net\/es\/wp-content\/uploads\/sites\/3\/2014\/12\/conferencia_arteria.jpg"},{"@type":"BreadcrumbList","@id":"https:\/\/dianamartin.net\/es\/en-la-feria-de-ilustracion-arteria\/#breadcrumb","itemListElement":[{"@type":"ListItem","position":1,"name":"Home","item":"https:\/\/dianamartin.net\/es\/"},{"@type":"ListItem","position":2,"name":"En la Feria de Ilustraci\u00f3n Arteria"}]},{"@type":"WebSite","@id":"https:\/\/dianamartin.net\/es\/#website","url":"https:\/\/dianamartin.net\/es\/","name":"Diana Mart\u00edn","description":"","publisher":{"@id":"https:\/\/dianamartin.net\/es\/#organization"},"potentialAction":[{"@type":"SearchAction","target":{"@type":"EntryPoint","urlTemplate":"https:\/\/dianamartin.net\/es\/?s={search_term_string}"},"query-input":{"@type":"PropertyValueSpecification","valueRequired":true,"valueName":"search_term_string"}}],"inLanguage":"es"},{"@type":"Organization","@id":"https:\/\/dianamartin.net\/es\/#organization","name":"Diana Mart\u00edn","url":"https:\/\/dianamartin.net\/es\/","logo":{"@type":"ImageObject","inLanguage":"es","@id":"https:\/\/dianamartin.net\/es\/#\/schema\/logo\/image\/","url":"https:\/\/dianamartin.net\/es\/wp-content\/uploads\/sites\/3\/2020\/11\/Logo-Diana-Martin.svg","contentUrl":"https:\/\/dianamartin.net\/es\/wp-content\/uploads\/sites\/3\/2020\/11\/Logo-Diana-Martin.svg","caption":"Diana Mart\u00edn"},"image":{"@id":"https:\/\/dianamartin.net\/es\/#\/schema\/logo\/image\/"}},{"@type":"Person","@id":"https:\/\/dianamartin.net\/es\/#\/schema\/person\/6d2cd928f58b32f3a18e38bcce9501d2","name":"Diana","image":{"@type":"ImageObject","inLanguage":"es","@id":"https:\/\/secure.gravatar.com\/avatar\/d237382dd39fa1d8c1c578ec9eeb63e7ab5d11a4ea8448fee84d83c748a6ece5?s=96&d=mm&r=g","url":"https:\/\/secure.gravatar.com\/avatar\/d237382dd39fa1d8c1c578ec9eeb63e7ab5d11a4ea8448fee84d83c748a6ece5?s=96&d=mm&r=g","contentUrl":"https:\/\/secure.gravatar.com\/avatar\/d237382dd39fa1d8c1c578ec9eeb63e7ab5d11a4ea8448fee84d83c748a6ece5?s=96&d=mm&r=g","caption":"Diana"},"url":"https:\/\/dianamartin.net\/es\/author\/diana\/"}]}},"_links":{"self":[{"href":"https:\/\/dianamartin.net\/es\/wp-json\/wp\/v2\/posts\/3547","targetHints":{"allow":["GET"]}}],"collection":[{"href":"https:\/\/dianamartin.net\/es\/wp-json\/wp\/v2\/posts"}],"about":[{"href":"https:\/\/dianamartin.net\/es\/wp-json\/wp\/v2\/types\/post"}],"author":[{"embeddable":true,"href":"https:\/\/dianamartin.net\/es\/wp-json\/wp\/v2\/users\/3"}],"replies":[{"embeddable":true,"href":"https:\/\/dianamartin.net\/es\/wp-json\/wp\/v2\/comments?post=3547"}],"version-history":[{"count":5,"href":"https:\/\/dianamartin.net\/es\/wp-json\/wp\/v2\/posts\/3547\/revisions"}],"predecessor-version":[{"id":3553,"href":"https:\/\/dianamartin.net\/es\/wp-json\/wp\/v2\/posts\/3547\/revisions\/3553"}],"wp:attachment":[{"href":"https:\/\/dianamartin.net\/es\/wp-json\/wp\/v2\/media?parent=3547"}],"wp:term":[{"taxonomy":"category","embeddable":true,"href":"https:\/\/dianamartin.net\/es\/wp-json\/wp\/v2\/categories?post=3547"},{"taxonomy":"post_tag","embeddable":true,"href":"https:\/\/dianamartin.net\/es\/wp-json\/wp\/v2\/tags?post=3547"}],"curies":[{"name":"wp","href":"https:\/\/api.w.org\/{rel}","templated":true}]}}