{"id":443,"date":"2011-04-05T14:27:15","date_gmt":"2011-04-05T19:27:15","guid":{"rendered":"http:\/\/www.dianamartin.net\/es\/?p=443"},"modified":"2020-06-19T13:00:06","modified_gmt":"2020-06-19T18:00:06","slug":"mirna-de-ciglia-nunca-en-silenciomirna-de-ciglia-never-silent","status":"publish","type":"post","link":"https:\/\/dianamartin.net\/es\/mirna-de-ciglia-nunca-en-silenciomirna-de-ciglia-never-silent\/","title":{"rendered":"Mirna de Ciglia, nunca en silencio"},"content":{"rendered":"\n<p>No se sabe si Mirna es verdaderamente muda o si m\u00e1s bien nunca ha sentido la necesidad de hablar. Sus compa\u00f1eras la consideran un enigma: fr\u00eda, soberbia y endemoniadamente talentosa. Camina con la cabeza en alto, sus pasos largos resonando por todo el edificio. Haciendo un gesto de sus largas agujas puede darse a entender con absoluta austeridad. Su olfato es tan fino que distingue el olor de cada part\u00edcula de color, su tacto tan agudo que conoce los tonos pasando una mano por las telas con los ojos cerrados. Ama su trabajo. Naci\u00f3 para esto. <em>Acuarela y grafito sobre tela.<\/em><\/p>\n","protected":false},"excerpt":{"rendered":"<p>No se sabe si Mirna es verdaderamente muda o si m\u00e1s bien nunca ha sentido la necesidad de hablar. Sus compa\u00f1eras la consideran un enigma: fr\u00eda, soberbia y endemoniadamente talentosa. Camina con la cabeza en alto, sus pasos largos resonando por todo el edificio. Haciendo un gesto de sus largas agujas puede darse a entender [&hellip;]<\/p>\n","protected":false},"author":3,"featured_media":444,"comment_status":"open","ping_status":"open","sticky":false,"template":"","format":"standard","meta":{"inline_featured_image":false,"footnotes":""},"categories":[20],"tags":[],"class_list":["post-443","post","type-post","status-publish","format-standard","has-post-thumbnail","hentry","category-mirna-ciglia"],"yoast_head":"<!-- This site is optimized with the Yoast SEO plugin v27.5 - https:\/\/yoast.com\/product\/yoast-seo-wordpress\/ -->\n<title>Mirna de Ciglia, nunca en silencio - Diana Mart\u00edn<\/title>\n<meta name=\"robots\" content=\"index, follow, max-snippet:-1, max-image-preview:large, max-video-preview:-1\" \/>\n<link rel=\"canonical\" href=\"https:\/\/dianamartin.net\/es\/mirna-de-ciglia-nunca-en-silenciomirna-de-ciglia-never-silent\/\" \/>\n<meta property=\"og:locale\" content=\"es_ES\" \/>\n<meta property=\"og:type\" content=\"article\" \/>\n<meta property=\"og:title\" content=\"Mirna de Ciglia, nunca en silencio - Diana Mart\u00edn\" \/>\n<meta property=\"og:description\" content=\"No se sabe si Mirna es verdaderamente muda o si m\u00e1s bien nunca ha sentido la necesidad de hablar. Sus compa\u00f1eras la consideran un enigma: fr\u00eda, soberbia y endemoniadamente talentosa. Camina con la cabeza en alto, sus pasos largos resonando por todo el edificio. Haciendo un gesto de sus largas agujas puede darse a entender [&hellip;]\" \/>\n<meta property=\"og:url\" content=\"https:\/\/dianamartin.net\/es\/mirna-de-ciglia-nunca-en-silenciomirna-de-ciglia-never-silent\/\" \/>\n<meta property=\"og:site_name\" content=\"Diana Mart\u00edn\" \/>\n<meta property=\"article:published_time\" content=\"2011-04-05T19:27:15+00:00\" \/>\n<meta property=\"article:modified_time\" content=\"2020-06-19T18:00:06+00:00\" \/>\n<meta property=\"og:image\" content=\"https:\/\/dianamartin.net\/es\/wp-content\/uploads\/sites\/3\/2011\/04\/nuncaensilencioweb.jpg\" \/>\n\t<meta property=\"og:image:width\" content=\"900\" \/>\n\t<meta property=\"og:image:height\" content=\"1223\" \/>\n\t<meta property=\"og:image:type\" content=\"image\/jpeg\" \/>\n<meta name=\"author\" content=\"Diana\" \/>\n<meta name=\"twitter:card\" content=\"summary_large_image\" \/>\n<meta name=\"twitter:label1\" content=\"Escrito por\" \/>\n\t<meta name=\"twitter:data1\" content=\"Diana\" \/>\n\t<meta name=\"twitter:label2\" content=\"Tiempo de lectura\" \/>\n\t<meta name=\"twitter:data2\" content=\"1 minuto\" \/>\n<script type=\"application\/ld+json\" class=\"yoast-schema-graph\">{\"@context\":\"https:\\\/\\\/schema.org\",\"@graph\":[{\"@type\":\"Article\",\"@id\":\"https:\\\/\\\/dianamartin.net\\\/es\\\/mirna-de-ciglia-nunca-en-silenciomirna-de-ciglia-never-silent\\\/#article\",\"isPartOf\":{\"@id\":\"https:\\\/\\\/dianamartin.net\\\/es\\\/mirna-de-ciglia-nunca-en-silenciomirna-de-ciglia-never-silent\\\/\"},\"author\":{\"name\":\"Diana\",\"@id\":\"https:\\\/\\\/dianamartin.net\\\/es\\\/#\\\/schema\\\/person\\\/6d2cd928f58b32f3a18e38bcce9501d2\"},\"headline\":\"Mirna de Ciglia, nunca en silencio\",\"datePublished\":\"2011-04-05T19:27:15+00:00\",\"dateModified\":\"2020-06-19T18:00:06+00:00\",\"mainEntityOfPage\":{\"@id\":\"https:\\\/\\\/dianamartin.net\\\/es\\\/mirna-de-ciglia-nunca-en-silenciomirna-de-ciglia-never-silent\\\/\"},\"wordCount\":111,\"commentCount\":0,\"publisher\":{\"@id\":\"https:\\\/\\\/dianamartin.net\\\/es\\\/#organization\"},\"image\":{\"@id\":\"https:\\\/\\\/dianamartin.net\\\/es\\\/mirna-de-ciglia-nunca-en-silenciomirna-de-ciglia-never-silent\\\/#primaryimage\"},\"thumbnailUrl\":\"https:\\\/\\\/dianamartin.net\\\/es\\\/wp-content\\\/uploads\\\/sites\\\/3\\\/2011\\\/04\\\/nuncaensilencioweb.jpg\",\"articleSection\":[\"Mirna de Ciglia y su secreto vestido interminable\"],\"inLanguage\":\"es\"},{\"@type\":\"WebPage\",\"@id\":\"https:\\\/\\\/dianamartin.net\\\/es\\\/mirna-de-ciglia-nunca-en-silenciomirna-de-ciglia-never-silent\\\/\",\"url\":\"https:\\\/\\\/dianamartin.net\\\/es\\\/mirna-de-ciglia-nunca-en-silenciomirna-de-ciglia-never-silent\\\/\",\"name\":\"Mirna de Ciglia, nunca en silencio - Diana Mart\u00edn\",\"isPartOf\":{\"@id\":\"https:\\\/\\\/dianamartin.net\\\/es\\\/#website\"},\"primaryImageOfPage\":{\"@id\":\"https:\\\/\\\/dianamartin.net\\\/es\\\/mirna-de-ciglia-nunca-en-silenciomirna-de-ciglia-never-silent\\\/#primaryimage\"},\"image\":{\"@id\":\"https:\\\/\\\/dianamartin.net\\\/es\\\/mirna-de-ciglia-nunca-en-silenciomirna-de-ciglia-never-silent\\\/#primaryimage\"},\"thumbnailUrl\":\"https:\\\/\\\/dianamartin.net\\\/es\\\/wp-content\\\/uploads\\\/sites\\\/3\\\/2011\\\/04\\\/nuncaensilencioweb.jpg\",\"datePublished\":\"2011-04-05T19:27:15+00:00\",\"dateModified\":\"2020-06-19T18:00:06+00:00\",\"breadcrumb\":{\"@id\":\"https:\\\/\\\/dianamartin.net\\\/es\\\/mirna-de-ciglia-nunca-en-silenciomirna-de-ciglia-never-silent\\\/#breadcrumb\"},\"inLanguage\":\"es\",\"potentialAction\":[{\"@type\":\"ReadAction\",\"target\":[\"https:\\\/\\\/dianamartin.net\\\/es\\\/mirna-de-ciglia-nunca-en-silenciomirna-de-ciglia-never-silent\\\/\"]}]},{\"@type\":\"ImageObject\",\"inLanguage\":\"es\",\"@id\":\"https:\\\/\\\/dianamartin.net\\\/es\\\/mirna-de-ciglia-nunca-en-silenciomirna-de-ciglia-never-silent\\\/#primaryimage\",\"url\":\"https:\\\/\\\/dianamartin.net\\\/es\\\/wp-content\\\/uploads\\\/sites\\\/3\\\/2011\\\/04\\\/nuncaensilencioweb.jpg\",\"contentUrl\":\"https:\\\/\\\/dianamartin.net\\\/es\\\/wp-content\\\/uploads\\\/sites\\\/3\\\/2011\\\/04\\\/nuncaensilencioweb.jpg\",\"width\":\"900\",\"height\":\"1223\"},{\"@type\":\"BreadcrumbList\",\"@id\":\"https:\\\/\\\/dianamartin.net\\\/es\\\/mirna-de-ciglia-nunca-en-silenciomirna-de-ciglia-never-silent\\\/#breadcrumb\",\"itemListElement\":[{\"@type\":\"ListItem\",\"position\":1,\"name\":\"Home\",\"item\":\"https:\\\/\\\/dianamartin.net\\\/es\\\/\"},{\"@type\":\"ListItem\",\"position\":2,\"name\":\"Mirna de Ciglia, nunca en silencio\"}]},{\"@type\":\"WebSite\",\"@id\":\"https:\\\/\\\/dianamartin.net\\\/es\\\/#website\",\"url\":\"https:\\\/\\\/dianamartin.net\\\/es\\\/\",\"name\":\"Diana Mart\u00edn\",\"description\":\"\",\"publisher\":{\"@id\":\"https:\\\/\\\/dianamartin.net\\\/es\\\/#organization\"},\"potentialAction\":[{\"@type\":\"SearchAction\",\"target\":{\"@type\":\"EntryPoint\",\"urlTemplate\":\"https:\\\/\\\/dianamartin.net\\\/es\\\/?s={search_term_string}\"},\"query-input\":{\"@type\":\"PropertyValueSpecification\",\"valueRequired\":true,\"valueName\":\"search_term_string\"}}],\"inLanguage\":\"es\"},{\"@type\":\"Organization\",\"@id\":\"https:\\\/\\\/dianamartin.net\\\/es\\\/#organization\",\"name\":\"Diana Mart\u00edn\",\"url\":\"https:\\\/\\\/dianamartin.net\\\/es\\\/\",\"logo\":{\"@type\":\"ImageObject\",\"inLanguage\":\"es\",\"@id\":\"https:\\\/\\\/dianamartin.net\\\/es\\\/#\\\/schema\\\/logo\\\/image\\\/\",\"url\":\"https:\\\/\\\/dianamartin.net\\\/es\\\/wp-content\\\/uploads\\\/sites\\\/3\\\/2020\\\/11\\\/Logo-Diana-Martin.svg\",\"contentUrl\":\"https:\\\/\\\/dianamartin.net\\\/es\\\/wp-content\\\/uploads\\\/sites\\\/3\\\/2020\\\/11\\\/Logo-Diana-Martin.svg\",\"caption\":\"Diana Mart\u00edn\"},\"image\":{\"@id\":\"https:\\\/\\\/dianamartin.net\\\/es\\\/#\\\/schema\\\/logo\\\/image\\\/\"}},{\"@type\":\"Person\",\"@id\":\"https:\\\/\\\/dianamartin.net\\\/es\\\/#\\\/schema\\\/person\\\/6d2cd928f58b32f3a18e38bcce9501d2\",\"name\":\"Diana\",\"image\":{\"@type\":\"ImageObject\",\"inLanguage\":\"es\",\"@id\":\"https:\\\/\\\/secure.gravatar.com\\\/avatar\\\/d237382dd39fa1d8c1c578ec9eeb63e7ab5d11a4ea8448fee84d83c748a6ece5?s=96&d=mm&r=g\",\"url\":\"https:\\\/\\\/secure.gravatar.com\\\/avatar\\\/d237382dd39fa1d8c1c578ec9eeb63e7ab5d11a4ea8448fee84d83c748a6ece5?s=96&d=mm&r=g\",\"contentUrl\":\"https:\\\/\\\/secure.gravatar.com\\\/avatar\\\/d237382dd39fa1d8c1c578ec9eeb63e7ab5d11a4ea8448fee84d83c748a6ece5?s=96&d=mm&r=g\",\"caption\":\"Diana\"},\"url\":\"https:\\\/\\\/dianamartin.net\\\/es\\\/author\\\/diana\\\/\"}]}<\/script>\n<!-- \/ Yoast SEO plugin. -->","yoast_head_json":{"title":"Mirna de Ciglia, nunca en silencio - Diana Mart\u00edn","robots":{"index":"index","follow":"follow","max-snippet":"max-snippet:-1","max-image-preview":"max-image-preview:large","max-video-preview":"max-video-preview:-1"},"canonical":"https:\/\/dianamartin.net\/es\/mirna-de-ciglia-nunca-en-silenciomirna-de-ciglia-never-silent\/","og_locale":"es_ES","og_type":"article","og_title":"Mirna de Ciglia, nunca en silencio - Diana Mart\u00edn","og_description":"No se sabe si Mirna es verdaderamente muda o si m\u00e1s bien nunca ha sentido la necesidad de hablar. Sus compa\u00f1eras la consideran un enigma: fr\u00eda, soberbia y endemoniadamente talentosa. Camina con la cabeza en alto, sus pasos largos resonando por todo el edificio. Haciendo un gesto de sus largas agujas puede darse a entender [&hellip;]","og_url":"https:\/\/dianamartin.net\/es\/mirna-de-ciglia-nunca-en-silenciomirna-de-ciglia-never-silent\/","og_site_name":"Diana Mart\u00edn","article_published_time":"2011-04-05T19:27:15+00:00","article_modified_time":"2020-06-19T18:00:06+00:00","og_image":[{"width":900,"height":1223,"url":"https:\/\/dianamartin.net\/es\/wp-content\/uploads\/sites\/3\/2011\/04\/nuncaensilencioweb.jpg","type":"image\/jpeg"}],"author":"Diana","twitter_card":"summary_large_image","twitter_misc":{"Escrito por":"Diana","Tiempo de lectura":"1 minuto"},"schema":{"@context":"https:\/\/schema.org","@graph":[{"@type":"Article","@id":"https:\/\/dianamartin.net\/es\/mirna-de-ciglia-nunca-en-silenciomirna-de-ciglia-never-silent\/#article","isPartOf":{"@id":"https:\/\/dianamartin.net\/es\/mirna-de-ciglia-nunca-en-silenciomirna-de-ciglia-never-silent\/"},"author":{"name":"Diana","@id":"https:\/\/dianamartin.net\/es\/#\/schema\/person\/6d2cd928f58b32f3a18e38bcce9501d2"},"headline":"Mirna de Ciglia, nunca en silencio","datePublished":"2011-04-05T19:27:15+00:00","dateModified":"2020-06-19T18:00:06+00:00","mainEntityOfPage":{"@id":"https:\/\/dianamartin.net\/es\/mirna-de-ciglia-nunca-en-silenciomirna-de-ciglia-never-silent\/"},"wordCount":111,"commentCount":0,"publisher":{"@id":"https:\/\/dianamartin.net\/es\/#organization"},"image":{"@id":"https:\/\/dianamartin.net\/es\/mirna-de-ciglia-nunca-en-silenciomirna-de-ciglia-never-silent\/#primaryimage"},"thumbnailUrl":"https:\/\/dianamartin.net\/es\/wp-content\/uploads\/sites\/3\/2011\/04\/nuncaensilencioweb.jpg","articleSection":["Mirna de Ciglia y su secreto vestido interminable"],"inLanguage":"es"},{"@type":"WebPage","@id":"https:\/\/dianamartin.net\/es\/mirna-de-ciglia-nunca-en-silenciomirna-de-ciglia-never-silent\/","url":"https:\/\/dianamartin.net\/es\/mirna-de-ciglia-nunca-en-silenciomirna-de-ciglia-never-silent\/","name":"Mirna de Ciglia, nunca en silencio - Diana Mart\u00edn","isPartOf":{"@id":"https:\/\/dianamartin.net\/es\/#website"},"primaryImageOfPage":{"@id":"https:\/\/dianamartin.net\/es\/mirna-de-ciglia-nunca-en-silenciomirna-de-ciglia-never-silent\/#primaryimage"},"image":{"@id":"https:\/\/dianamartin.net\/es\/mirna-de-ciglia-nunca-en-silenciomirna-de-ciglia-never-silent\/#primaryimage"},"thumbnailUrl":"https:\/\/dianamartin.net\/es\/wp-content\/uploads\/sites\/3\/2011\/04\/nuncaensilencioweb.jpg","datePublished":"2011-04-05T19:27:15+00:00","dateModified":"2020-06-19T18:00:06+00:00","breadcrumb":{"@id":"https:\/\/dianamartin.net\/es\/mirna-de-ciglia-nunca-en-silenciomirna-de-ciglia-never-silent\/#breadcrumb"},"inLanguage":"es","potentialAction":[{"@type":"ReadAction","target":["https:\/\/dianamartin.net\/es\/mirna-de-ciglia-nunca-en-silenciomirna-de-ciglia-never-silent\/"]}]},{"@type":"ImageObject","inLanguage":"es","@id":"https:\/\/dianamartin.net\/es\/mirna-de-ciglia-nunca-en-silenciomirna-de-ciglia-never-silent\/#primaryimage","url":"https:\/\/dianamartin.net\/es\/wp-content\/uploads\/sites\/3\/2011\/04\/nuncaensilencioweb.jpg","contentUrl":"https:\/\/dianamartin.net\/es\/wp-content\/uploads\/sites\/3\/2011\/04\/nuncaensilencioweb.jpg","width":"900","height":"1223"},{"@type":"BreadcrumbList","@id":"https:\/\/dianamartin.net\/es\/mirna-de-ciglia-nunca-en-silenciomirna-de-ciglia-never-silent\/#breadcrumb","itemListElement":[{"@type":"ListItem","position":1,"name":"Home","item":"https:\/\/dianamartin.net\/es\/"},{"@type":"ListItem","position":2,"name":"Mirna de Ciglia, nunca en silencio"}]},{"@type":"WebSite","@id":"https:\/\/dianamartin.net\/es\/#website","url":"https:\/\/dianamartin.net\/es\/","name":"Diana Mart\u00edn","description":"","publisher":{"@id":"https:\/\/dianamartin.net\/es\/#organization"},"potentialAction":[{"@type":"SearchAction","target":{"@type":"EntryPoint","urlTemplate":"https:\/\/dianamartin.net\/es\/?s={search_term_string}"},"query-input":{"@type":"PropertyValueSpecification","valueRequired":true,"valueName":"search_term_string"}}],"inLanguage":"es"},{"@type":"Organization","@id":"https:\/\/dianamartin.net\/es\/#organization","name":"Diana Mart\u00edn","url":"https:\/\/dianamartin.net\/es\/","logo":{"@type":"ImageObject","inLanguage":"es","@id":"https:\/\/dianamartin.net\/es\/#\/schema\/logo\/image\/","url":"https:\/\/dianamartin.net\/es\/wp-content\/uploads\/sites\/3\/2020\/11\/Logo-Diana-Martin.svg","contentUrl":"https:\/\/dianamartin.net\/es\/wp-content\/uploads\/sites\/3\/2020\/11\/Logo-Diana-Martin.svg","caption":"Diana Mart\u00edn"},"image":{"@id":"https:\/\/dianamartin.net\/es\/#\/schema\/logo\/image\/"}},{"@type":"Person","@id":"https:\/\/dianamartin.net\/es\/#\/schema\/person\/6d2cd928f58b32f3a18e38bcce9501d2","name":"Diana","image":{"@type":"ImageObject","inLanguage":"es","@id":"https:\/\/secure.gravatar.com\/avatar\/d237382dd39fa1d8c1c578ec9eeb63e7ab5d11a4ea8448fee84d83c748a6ece5?s=96&d=mm&r=g","url":"https:\/\/secure.gravatar.com\/avatar\/d237382dd39fa1d8c1c578ec9eeb63e7ab5d11a4ea8448fee84d83c748a6ece5?s=96&d=mm&r=g","contentUrl":"https:\/\/secure.gravatar.com\/avatar\/d237382dd39fa1d8c1c578ec9eeb63e7ab5d11a4ea8448fee84d83c748a6ece5?s=96&d=mm&r=g","caption":"Diana"},"url":"https:\/\/dianamartin.net\/es\/author\/diana\/"}]}},"_links":{"self":[{"href":"https:\/\/dianamartin.net\/es\/wp-json\/wp\/v2\/posts\/443","targetHints":{"allow":["GET"]}}],"collection":[{"href":"https:\/\/dianamartin.net\/es\/wp-json\/wp\/v2\/posts"}],"about":[{"href":"https:\/\/dianamartin.net\/es\/wp-json\/wp\/v2\/types\/post"}],"author":[{"embeddable":true,"href":"https:\/\/dianamartin.net\/es\/wp-json\/wp\/v2\/users\/3"}],"replies":[{"embeddable":true,"href":"https:\/\/dianamartin.net\/es\/wp-json\/wp\/v2\/comments?post=443"}],"version-history":[{"count":2,"href":"https:\/\/dianamartin.net\/es\/wp-json\/wp\/v2\/posts\/443\/revisions"}],"predecessor-version":[{"id":106904,"href":"https:\/\/dianamartin.net\/es\/wp-json\/wp\/v2\/posts\/443\/revisions\/106904"}],"wp:featuredmedia":[{"embeddable":true,"href":"https:\/\/dianamartin.net\/es\/wp-json\/wp\/v2\/media\/444"}],"wp:attachment":[{"href":"https:\/\/dianamartin.net\/es\/wp-json\/wp\/v2\/media?parent=443"}],"wp:term":[{"taxonomy":"category","embeddable":true,"href":"https:\/\/dianamartin.net\/es\/wp-json\/wp\/v2\/categories?post=443"},{"taxonomy":"post_tag","embeddable":true,"href":"https:\/\/dianamartin.net\/es\/wp-json\/wp\/v2\/tags?post=443"}],"curies":[{"name":"wp","href":"https:\/\/api.w.org\/{rel}","templated":true}]}}