{"id":697,"date":"2011-10-13T09:11:20","date_gmt":"2011-10-13T14:11:20","guid":{"rendered":"http:\/\/composta.net\/callejonmagenta\/?p=697"},"modified":"2013-03-20T18:14:26","modified_gmt":"2013-03-21T00:14:26","slug":"sylvia-von-harden-la-inmortal","status":"publish","type":"post","link":"https:\/\/dianamartin.net\/es\/sylvia-von-harden-la-inmortal\/","title":{"rendered":"Sylvia von Harden, la inmortal"},"content":{"rendered":"<p style=\"text-align: right;\"><em>\u00abYou know, if one paints someone&#8217;s portrait, one should not know him if possible.\u00bb<\/em><\/p>\n<p style=\"text-align: right;\"><em>-Otto Dix<\/em><\/p>\n<p style=\"text-align: right;\">\n<p style=\"text-align: left;\">Hoy les comparto una de mis obras favoritas de la pintura, hecha por uno de mis artistas preferidos de todos los tiempos: el alem\u00e1n <a href=\"http:\/\/www.ottodix.org\/\">Otto Dix<\/a>.<\/p>\n<p style=\"text-align: left;\">\n<p style=\"text-align: left;\">\n<figure id=\"attachment_698\" aria-describedby=\"caption-attachment-698\" style=\"width: 363px\" class=\"wp-caption aligncenter\"><a href=\"http:\/\/www.dianamartin.net\/es\/wp-content\/uploads\/sites\/3\/2011\/10\/ottodix.jpg\"><img loading=\"lazy\" decoding=\"async\" class=\"size-full wp-image-698\" title=\"ottodix\" src=\"http:\/\/www.dianamartin.net\/es\/wp-content\/uploads\/sites\/3\/2011\/10\/ottodix.jpg\" alt=\"El retrato de la periodista Sylvia von Harden. De 1926.\" width=\"363\" height=\"500\" \/><\/a><figcaption id=\"caption-attachment-698\" class=\"wp-caption-text\">El retrato de la periodista Sylvia von Harden. De 1926.<\/figcaption><\/figure>\n<figure id=\"attachment_701\" aria-describedby=\"caption-attachment-701\" style=\"width: 500px\" class=\"wp-caption aligncenter\"><a href=\"http:\/\/www.dianamartin.net\/es\/wp-content\/uploads\/sites\/3\/2011\/10\/dix2.jpg\"><img loading=\"lazy\" decoding=\"async\" class=\"size-full wp-image-701\" title=\"dix2\" src=\"http:\/\/www.dianamartin.net\/es\/wp-content\/uploads\/sites\/3\/2011\/10\/dix2.jpg\" alt=\"Detalle del rostro. Aqu\u00ed en el callej\u00f3n amamos a Herr Dix.\" width=\"500\" height=\"375\" \/><\/a><figcaption id=\"caption-attachment-701\" class=\"wp-caption-text\">Detalle del rostro. Aqu\u00ed en el callej\u00f3n amamos a Herr Dix.<\/figcaption><\/figure>\n<figure id=\"attachment_702\" aria-describedby=\"caption-attachment-702\" style=\"width: 375px\" class=\"wp-caption aligncenter\"><a href=\"http:\/\/www.dianamartin.net\/es\/wp-content\/uploads\/sites\/3\/2011\/10\/manos-sylvia.jpg\"><img loading=\"lazy\" decoding=\"async\" class=\"size-full wp-image-702\" title=\"manos sylvia\" src=\"http:\/\/www.dianamartin.net\/es\/wp-content\/uploads\/sites\/3\/2011\/10\/manos-sylvia.jpg\" alt=\"Detalle de la mano derecha. Amo los pliegues de su vestido. Los tendones de su mano crispada.\" width=\"375\" height=\"500\" \/><\/a><figcaption id=\"caption-attachment-702\" class=\"wp-caption-text\">Detalle de la mano izquierda. Amo los pliegues de su vestido. Los tendones de su mano crispada.<\/figcaption><\/figure>\n<figure id=\"attachment_704\" aria-describedby=\"caption-attachment-704\" style=\"width: 300px\" class=\"wp-caption aligncenter\"><a href=\"http:\/\/www.dianamartin.net\/es\/wp-content\/uploads\/sites\/3\/2011\/10\/Sylvia-Von-Harden.jpg\"><img loading=\"lazy\" decoding=\"async\" class=\"size-full wp-image-704\" title=\"Sylvia Von Harden\" src=\"http:\/\/www.dianamartin.net\/es\/wp-content\/uploads\/sites\/3\/2011\/10\/Sylvia-Von-Harden.jpg\" alt=\"Ella es Sylvia. Dix la hizo suya. \" width=\"300\" height=\"397\" \/><\/a><figcaption id=\"caption-attachment-704\" class=\"wp-caption-text\">Ella es Sylvia. Dix la hizo suya. <\/figcaption><\/figure>\n<p>Sylvia cuenta en su art\u00edculo de 1959:\u00a0 <strong><em>Memorias de Otto Dix<\/em><\/strong> que cuando el pintor la conoci\u00f3 en la calle tuvieron un intercambio que comenz\u00f3 con \u00e9l dici\u00e9ndole:<\/p>\n<blockquote><p>-\u00ab\u00a1Debo pintarte! \u00a1Simplemente debo hacerlo! Representas toda una \u00e9poca&#8230;<\/p>\n<p>&#8211; As\u00ed que usted desea pintar mis ojos faltos de lustre, mis ampulosas orejas, mi larga nariz, mis labios delgados; quiere pintar mis manos largas, mis cortas piernas, mis grandes pies,- \u00bfcosas que pueden espantar a la gente y deleitar a nadie?<\/p>\n<p>-Te has caracterizado a t\u00ed misma brillantemente, todo ello nos llevar\u00e1 a un retrato representativo de una \u00e9poca interesada no s\u00f3lo en la belleza exterior de una mujer sino m\u00e1s bien en su condici\u00f3n sicol\u00f3gica.\u00bb<\/p><\/blockquote>\n<p>El retrato mide 120 por 88 cms, es una t\u00e9cnica mixta y se encuentra en el <strong>Museo Nacional de Arte Moderno de Par\u00eds<\/strong>, el <strong>Centro Georges Pompidou<\/strong>. Otra excusa para volver a Par\u00eds.<\/p>\n<p style=\"text-align: left;\">\n<p style=\"text-align: left;\">\n","protected":false},"excerpt":{"rendered":"<p>\u00abYou know, if one paints someone&#8217;s portrait, one should not know him if possible.\u00bb -Otto Dix Hoy les comparto una de mis obras favoritas de la pintura, hecha por uno de mis artistas preferidos de todos los tiempos: el alem\u00e1n Otto Dix. Sylvia cuenta en su art\u00edculo de 1959:\u00a0 Memorias de Otto Dix que cuando [&hellip;]<\/p>\n","protected":false},"author":3,"featured_media":2796,"comment_status":"open","ping_status":"open","sticky":false,"template":"","format":"standard","meta":{"inline_featured_image":false,"footnotes":""},"categories":[7],"tags":[],"class_list":["post-697","post","type-post","status-publish","format-standard","has-post-thumbnail","hentry","category-blog"],"yoast_head":"<!-- This site is optimized with the Yoast SEO plugin v27.5 - https:\/\/yoast.com\/product\/yoast-seo-wordpress\/ -->\n<title>Sylvia von Harden, la inmortal - Diana Mart\u00edn<\/title>\n<meta name=\"robots\" content=\"index, follow, max-snippet:-1, max-image-preview:large, max-video-preview:-1\" \/>\n<link rel=\"canonical\" href=\"https:\/\/dianamartin.net\/es\/sylvia-von-harden-la-inmortal\/\" \/>\n<meta property=\"og:locale\" content=\"es_ES\" \/>\n<meta property=\"og:type\" content=\"article\" \/>\n<meta property=\"og:title\" content=\"Sylvia von Harden, la inmortal - Diana Mart\u00edn\" \/>\n<meta property=\"og:description\" content=\"\u00abYou know, if one paints someone&#8217;s portrait, one should not know him if possible.\u00bb -Otto Dix Hoy les comparto una de mis obras favoritas de la pintura, hecha por uno de mis artistas preferidos de todos los tiempos: el alem\u00e1n Otto Dix. Sylvia cuenta en su art\u00edculo de 1959:\u00a0 Memorias de Otto Dix que cuando [&hellip;]\" \/>\n<meta property=\"og:url\" content=\"https:\/\/dianamartin.net\/es\/sylvia-von-harden-la-inmortal\/\" \/>\n<meta property=\"og:site_name\" content=\"Diana Mart\u00edn\" \/>\n<meta property=\"article:published_time\" content=\"2011-10-13T14:11:20+00:00\" \/>\n<meta property=\"article:modified_time\" content=\"2013-03-21T00:14:26+00:00\" \/>\n<meta property=\"og:image\" content=\"https:\/\/dianamartin.net\/es\/wp-content\/uploads\/sites\/3\/2011\/10\/ottodix.jpg\" \/>\n\t<meta property=\"og:image:width\" content=\"363\" \/>\n\t<meta property=\"og:image:height\" content=\"500\" \/>\n\t<meta property=\"og:image:type\" content=\"image\/jpeg\" \/>\n<meta name=\"author\" content=\"Diana\" \/>\n<meta name=\"twitter:card\" content=\"summary_large_image\" \/>\n<meta name=\"twitter:label1\" content=\"Escrito por\" \/>\n\t<meta name=\"twitter:data1\" content=\"Diana\" \/>\n\t<meta name=\"twitter:label2\" content=\"Tiempo de lectura\" \/>\n\t<meta name=\"twitter:data2\" content=\"1 minuto\" \/>\n<script type=\"application\/ld+json\" class=\"yoast-schema-graph\">{\"@context\":\"https:\\\/\\\/schema.org\",\"@graph\":[{\"@type\":\"Article\",\"@id\":\"https:\\\/\\\/dianamartin.net\\\/es\\\/sylvia-von-harden-la-inmortal\\\/#article\",\"isPartOf\":{\"@id\":\"https:\\\/\\\/dianamartin.net\\\/es\\\/sylvia-von-harden-la-inmortal\\\/\"},\"author\":{\"name\":\"Diana\",\"@id\":\"https:\\\/\\\/dianamartin.net\\\/es\\\/#\\\/schema\\\/person\\\/6d2cd928f58b32f3a18e38bcce9501d2\"},\"headline\":\"Sylvia von Harden, la inmortal\",\"datePublished\":\"2011-10-13T14:11:20+00:00\",\"dateModified\":\"2013-03-21T00:14:26+00:00\",\"mainEntityOfPage\":{\"@id\":\"https:\\\/\\\/dianamartin.net\\\/es\\\/sylvia-von-harden-la-inmortal\\\/\"},\"wordCount\":281,\"commentCount\":0,\"publisher\":{\"@id\":\"https:\\\/\\\/dianamartin.net\\\/es\\\/#organization\"},\"image\":{\"@id\":\"https:\\\/\\\/dianamartin.net\\\/es\\\/sylvia-von-harden-la-inmortal\\\/#primaryimage\"},\"thumbnailUrl\":\"https:\\\/\\\/dianamartin.net\\\/es\\\/wp-content\\\/uploads\\\/sites\\\/3\\\/2011\\\/10\\\/ottodix.jpg\",\"articleSection\":[\"Blog\"],\"inLanguage\":\"es\"},{\"@type\":\"WebPage\",\"@id\":\"https:\\\/\\\/dianamartin.net\\\/es\\\/sylvia-von-harden-la-inmortal\\\/\",\"url\":\"https:\\\/\\\/dianamartin.net\\\/es\\\/sylvia-von-harden-la-inmortal\\\/\",\"name\":\"Sylvia von Harden, la inmortal - Diana Mart\u00edn\",\"isPartOf\":{\"@id\":\"https:\\\/\\\/dianamartin.net\\\/es\\\/#website\"},\"primaryImageOfPage\":{\"@id\":\"https:\\\/\\\/dianamartin.net\\\/es\\\/sylvia-von-harden-la-inmortal\\\/#primaryimage\"},\"image\":{\"@id\":\"https:\\\/\\\/dianamartin.net\\\/es\\\/sylvia-von-harden-la-inmortal\\\/#primaryimage\"},\"thumbnailUrl\":\"https:\\\/\\\/dianamartin.net\\\/es\\\/wp-content\\\/uploads\\\/sites\\\/3\\\/2011\\\/10\\\/ottodix.jpg\",\"datePublished\":\"2011-10-13T14:11:20+00:00\",\"dateModified\":\"2013-03-21T00:14:26+00:00\",\"breadcrumb\":{\"@id\":\"https:\\\/\\\/dianamartin.net\\\/es\\\/sylvia-von-harden-la-inmortal\\\/#breadcrumb\"},\"inLanguage\":\"es\",\"potentialAction\":[{\"@type\":\"ReadAction\",\"target\":[\"https:\\\/\\\/dianamartin.net\\\/es\\\/sylvia-von-harden-la-inmortal\\\/\"]}]},{\"@type\":\"ImageObject\",\"inLanguage\":\"es\",\"@id\":\"https:\\\/\\\/dianamartin.net\\\/es\\\/sylvia-von-harden-la-inmortal\\\/#primaryimage\",\"url\":\"https:\\\/\\\/dianamartin.net\\\/es\\\/wp-content\\\/uploads\\\/sites\\\/3\\\/2011\\\/10\\\/ottodix.jpg\",\"contentUrl\":\"https:\\\/\\\/dianamartin.net\\\/es\\\/wp-content\\\/uploads\\\/sites\\\/3\\\/2011\\\/10\\\/ottodix.jpg\",\"width\":363,\"height\":500},{\"@type\":\"BreadcrumbList\",\"@id\":\"https:\\\/\\\/dianamartin.net\\\/es\\\/sylvia-von-harden-la-inmortal\\\/#breadcrumb\",\"itemListElement\":[{\"@type\":\"ListItem\",\"position\":1,\"name\":\"Home\",\"item\":\"https:\\\/\\\/dianamartin.net\\\/es\\\/\"},{\"@type\":\"ListItem\",\"position\":2,\"name\":\"Sylvia von Harden, la inmortal\"}]},{\"@type\":\"WebSite\",\"@id\":\"https:\\\/\\\/dianamartin.net\\\/es\\\/#website\",\"url\":\"https:\\\/\\\/dianamartin.net\\\/es\\\/\",\"name\":\"Diana Mart\u00edn\",\"description\":\"\",\"publisher\":{\"@id\":\"https:\\\/\\\/dianamartin.net\\\/es\\\/#organization\"},\"potentialAction\":[{\"@type\":\"SearchAction\",\"target\":{\"@type\":\"EntryPoint\",\"urlTemplate\":\"https:\\\/\\\/dianamartin.net\\\/es\\\/?s={search_term_string}\"},\"query-input\":{\"@type\":\"PropertyValueSpecification\",\"valueRequired\":true,\"valueName\":\"search_term_string\"}}],\"inLanguage\":\"es\"},{\"@type\":\"Organization\",\"@id\":\"https:\\\/\\\/dianamartin.net\\\/es\\\/#organization\",\"name\":\"Diana Mart\u00edn\",\"url\":\"https:\\\/\\\/dianamartin.net\\\/es\\\/\",\"logo\":{\"@type\":\"ImageObject\",\"inLanguage\":\"es\",\"@id\":\"https:\\\/\\\/dianamartin.net\\\/es\\\/#\\\/schema\\\/logo\\\/image\\\/\",\"url\":\"https:\\\/\\\/dianamartin.net\\\/es\\\/wp-content\\\/uploads\\\/sites\\\/3\\\/2020\\\/11\\\/Logo-Diana-Martin.svg\",\"contentUrl\":\"https:\\\/\\\/dianamartin.net\\\/es\\\/wp-content\\\/uploads\\\/sites\\\/3\\\/2020\\\/11\\\/Logo-Diana-Martin.svg\",\"caption\":\"Diana Mart\u00edn\"},\"image\":{\"@id\":\"https:\\\/\\\/dianamartin.net\\\/es\\\/#\\\/schema\\\/logo\\\/image\\\/\"}},{\"@type\":\"Person\",\"@id\":\"https:\\\/\\\/dianamartin.net\\\/es\\\/#\\\/schema\\\/person\\\/6d2cd928f58b32f3a18e38bcce9501d2\",\"name\":\"Diana\",\"image\":{\"@type\":\"ImageObject\",\"inLanguage\":\"es\",\"@id\":\"https:\\\/\\\/secure.gravatar.com\\\/avatar\\\/d237382dd39fa1d8c1c578ec9eeb63e7ab5d11a4ea8448fee84d83c748a6ece5?s=96&d=mm&r=g\",\"url\":\"https:\\\/\\\/secure.gravatar.com\\\/avatar\\\/d237382dd39fa1d8c1c578ec9eeb63e7ab5d11a4ea8448fee84d83c748a6ece5?s=96&d=mm&r=g\",\"contentUrl\":\"https:\\\/\\\/secure.gravatar.com\\\/avatar\\\/d237382dd39fa1d8c1c578ec9eeb63e7ab5d11a4ea8448fee84d83c748a6ece5?s=96&d=mm&r=g\",\"caption\":\"Diana\"},\"url\":\"https:\\\/\\\/dianamartin.net\\\/es\\\/author\\\/diana\\\/\"}]}<\/script>\n<!-- \/ Yoast SEO plugin. -->","yoast_head_json":{"title":"Sylvia von Harden, la inmortal - Diana Mart\u00edn","robots":{"index":"index","follow":"follow","max-snippet":"max-snippet:-1","max-image-preview":"max-image-preview:large","max-video-preview":"max-video-preview:-1"},"canonical":"https:\/\/dianamartin.net\/es\/sylvia-von-harden-la-inmortal\/","og_locale":"es_ES","og_type":"article","og_title":"Sylvia von Harden, la inmortal - Diana Mart\u00edn","og_description":"\u00abYou know, if one paints someone&#8217;s portrait, one should not know him if possible.\u00bb -Otto Dix Hoy les comparto una de mis obras favoritas de la pintura, hecha por uno de mis artistas preferidos de todos los tiempos: el alem\u00e1n Otto Dix. Sylvia cuenta en su art\u00edculo de 1959:\u00a0 Memorias de Otto Dix que cuando [&hellip;]","og_url":"https:\/\/dianamartin.net\/es\/sylvia-von-harden-la-inmortal\/","og_site_name":"Diana Mart\u00edn","article_published_time":"2011-10-13T14:11:20+00:00","article_modified_time":"2013-03-21T00:14:26+00:00","og_image":[{"width":363,"height":500,"url":"https:\/\/dianamartin.net\/es\/wp-content\/uploads\/sites\/3\/2011\/10\/ottodix.jpg","type":"image\/jpeg"}],"author":"Diana","twitter_card":"summary_large_image","twitter_misc":{"Escrito por":"Diana","Tiempo de lectura":"1 minuto"},"schema":{"@context":"https:\/\/schema.org","@graph":[{"@type":"Article","@id":"https:\/\/dianamartin.net\/es\/sylvia-von-harden-la-inmortal\/#article","isPartOf":{"@id":"https:\/\/dianamartin.net\/es\/sylvia-von-harden-la-inmortal\/"},"author":{"name":"Diana","@id":"https:\/\/dianamartin.net\/es\/#\/schema\/person\/6d2cd928f58b32f3a18e38bcce9501d2"},"headline":"Sylvia von Harden, la inmortal","datePublished":"2011-10-13T14:11:20+00:00","dateModified":"2013-03-21T00:14:26+00:00","mainEntityOfPage":{"@id":"https:\/\/dianamartin.net\/es\/sylvia-von-harden-la-inmortal\/"},"wordCount":281,"commentCount":0,"publisher":{"@id":"https:\/\/dianamartin.net\/es\/#organization"},"image":{"@id":"https:\/\/dianamartin.net\/es\/sylvia-von-harden-la-inmortal\/#primaryimage"},"thumbnailUrl":"https:\/\/dianamartin.net\/es\/wp-content\/uploads\/sites\/3\/2011\/10\/ottodix.jpg","articleSection":["Blog"],"inLanguage":"es"},{"@type":"WebPage","@id":"https:\/\/dianamartin.net\/es\/sylvia-von-harden-la-inmortal\/","url":"https:\/\/dianamartin.net\/es\/sylvia-von-harden-la-inmortal\/","name":"Sylvia von Harden, la inmortal - Diana Mart\u00edn","isPartOf":{"@id":"https:\/\/dianamartin.net\/es\/#website"},"primaryImageOfPage":{"@id":"https:\/\/dianamartin.net\/es\/sylvia-von-harden-la-inmortal\/#primaryimage"},"image":{"@id":"https:\/\/dianamartin.net\/es\/sylvia-von-harden-la-inmortal\/#primaryimage"},"thumbnailUrl":"https:\/\/dianamartin.net\/es\/wp-content\/uploads\/sites\/3\/2011\/10\/ottodix.jpg","datePublished":"2011-10-13T14:11:20+00:00","dateModified":"2013-03-21T00:14:26+00:00","breadcrumb":{"@id":"https:\/\/dianamartin.net\/es\/sylvia-von-harden-la-inmortal\/#breadcrumb"},"inLanguage":"es","potentialAction":[{"@type":"ReadAction","target":["https:\/\/dianamartin.net\/es\/sylvia-von-harden-la-inmortal\/"]}]},{"@type":"ImageObject","inLanguage":"es","@id":"https:\/\/dianamartin.net\/es\/sylvia-von-harden-la-inmortal\/#primaryimage","url":"https:\/\/dianamartin.net\/es\/wp-content\/uploads\/sites\/3\/2011\/10\/ottodix.jpg","contentUrl":"https:\/\/dianamartin.net\/es\/wp-content\/uploads\/sites\/3\/2011\/10\/ottodix.jpg","width":363,"height":500},{"@type":"BreadcrumbList","@id":"https:\/\/dianamartin.net\/es\/sylvia-von-harden-la-inmortal\/#breadcrumb","itemListElement":[{"@type":"ListItem","position":1,"name":"Home","item":"https:\/\/dianamartin.net\/es\/"},{"@type":"ListItem","position":2,"name":"Sylvia von Harden, la inmortal"}]},{"@type":"WebSite","@id":"https:\/\/dianamartin.net\/es\/#website","url":"https:\/\/dianamartin.net\/es\/","name":"Diana Mart\u00edn","description":"","publisher":{"@id":"https:\/\/dianamartin.net\/es\/#organization"},"potentialAction":[{"@type":"SearchAction","target":{"@type":"EntryPoint","urlTemplate":"https:\/\/dianamartin.net\/es\/?s={search_term_string}"},"query-input":{"@type":"PropertyValueSpecification","valueRequired":true,"valueName":"search_term_string"}}],"inLanguage":"es"},{"@type":"Organization","@id":"https:\/\/dianamartin.net\/es\/#organization","name":"Diana Mart\u00edn","url":"https:\/\/dianamartin.net\/es\/","logo":{"@type":"ImageObject","inLanguage":"es","@id":"https:\/\/dianamartin.net\/es\/#\/schema\/logo\/image\/","url":"https:\/\/dianamartin.net\/es\/wp-content\/uploads\/sites\/3\/2020\/11\/Logo-Diana-Martin.svg","contentUrl":"https:\/\/dianamartin.net\/es\/wp-content\/uploads\/sites\/3\/2020\/11\/Logo-Diana-Martin.svg","caption":"Diana Mart\u00edn"},"image":{"@id":"https:\/\/dianamartin.net\/es\/#\/schema\/logo\/image\/"}},{"@type":"Person","@id":"https:\/\/dianamartin.net\/es\/#\/schema\/person\/6d2cd928f58b32f3a18e38bcce9501d2","name":"Diana","image":{"@type":"ImageObject","inLanguage":"es","@id":"https:\/\/secure.gravatar.com\/avatar\/d237382dd39fa1d8c1c578ec9eeb63e7ab5d11a4ea8448fee84d83c748a6ece5?s=96&d=mm&r=g","url":"https:\/\/secure.gravatar.com\/avatar\/d237382dd39fa1d8c1c578ec9eeb63e7ab5d11a4ea8448fee84d83c748a6ece5?s=96&d=mm&r=g","contentUrl":"https:\/\/secure.gravatar.com\/avatar\/d237382dd39fa1d8c1c578ec9eeb63e7ab5d11a4ea8448fee84d83c748a6ece5?s=96&d=mm&r=g","caption":"Diana"},"url":"https:\/\/dianamartin.net\/es\/author\/diana\/"}]}},"_links":{"self":[{"href":"https:\/\/dianamartin.net\/es\/wp-json\/wp\/v2\/posts\/697","targetHints":{"allow":["GET"]}}],"collection":[{"href":"https:\/\/dianamartin.net\/es\/wp-json\/wp\/v2\/posts"}],"about":[{"href":"https:\/\/dianamartin.net\/es\/wp-json\/wp\/v2\/types\/post"}],"author":[{"embeddable":true,"href":"https:\/\/dianamartin.net\/es\/wp-json\/wp\/v2\/users\/3"}],"replies":[{"embeddable":true,"href":"https:\/\/dianamartin.net\/es\/wp-json\/wp\/v2\/comments?post=697"}],"version-history":[{"count":2,"href":"https:\/\/dianamartin.net\/es\/wp-json\/wp\/v2\/posts\/697\/revisions"}],"predecessor-version":[{"id":2803,"href":"https:\/\/dianamartin.net\/es\/wp-json\/wp\/v2\/posts\/697\/revisions\/2803"}],"wp:featuredmedia":[{"embeddable":true,"href":"https:\/\/dianamartin.net\/es\/wp-json\/wp\/v2\/media\/2796"}],"wp:attachment":[{"href":"https:\/\/dianamartin.net\/es\/wp-json\/wp\/v2\/media?parent=697"}],"wp:term":[{"taxonomy":"category","embeddable":true,"href":"https:\/\/dianamartin.net\/es\/wp-json\/wp\/v2\/categories?post=697"},{"taxonomy":"post_tag","embeddable":true,"href":"https:\/\/dianamartin.net\/es\/wp-json\/wp\/v2\/tags?post=697"}],"curies":[{"name":"wp","href":"https:\/\/api.w.org\/{rel}","templated":true}]}}